{"id":986,"date":"2017-03-18T13:12:44","date_gmt":"2017-03-18T12:12:44","guid":{"rendered":"http:\/\/www.hahnes.se\/emigranten\/?p=986"},"modified":"2017-04-15T15:20:38","modified_gmt":"2017-04-15T13:20:38","slug":"bygge-av-prusa-3d-printer","status":"publish","type":"post","link":"http:\/\/hahnes.se\/emigranten\/?p=986","title":{"rendered":"H\u00e4r b\u00f6rjar min 3D resa"},"content":{"rendered":"<p>F\u00f6r en tid sedan fick jag delarna till min DIY Prusa p\u00e5 posten. Jag har inte packat upp de f\u00f6r \u00e4n idag eftersom jag varit fullt sysselsatt men att f\u00e5 ig\u00e5ng den elektroniska styrningen till min braskamin. Eftersom jag just nu sl\u00e4ppte ut den magiska bl\u00e5 r\u00f6ken fr\u00e5n&nbsp;en komponent till denna s\u00e5 tyckte jag att jag med gott samvete kunde ge mig p\u00e5 3D-skrivarbygget i v\u00e4ntan p\u00e5 ny&nbsp;elektronik som&nbsp;jag eldade upp till braskaminen.<\/p>\n<p>S\u00e5 sagt och gjort Jag st\u00e4dade bort allt vad g\u00e4ller braskaminer fr\u00e5n mitt bord och packade upp kartongen med skrivardelarna. N\u00e4r jag s\u00e5g alla pryttlarna i kartongen s\u00e5 var det f\u00f6rsta jag gjorde att ta mig et par riktiga st\u00e4nkare f\u00f6r att lugna ner skruvmejselhanden. Jag gick sedan vidare med att skriva ut manualen som beskriver hur man f\u00e5r ihop den. Nu n\u00e4r jag kommit en liten bit in i monteringsarbetet s\u00e5 ser ja att detta \u00e4r inte gjort med en klackspark. N\u00e4r det g\u00e4ller de mekaniska bitarna \u00e4r det inga st\u00f6rre problem, men hur man skall ansluta kablarna till r\u00e4tt st\u00e4lle \u00e4r bristf\u00e4lligt f\u00f6rklarat och till och med felaktigt. I stort sett s\u00e5 \u00e4r hela sammans\u00e4ttningsbeskrivningen under all kritik.<\/p>\n<p>Just nu sitter jag och f\u00f6rs\u00f6ker utr\u00f6na hur jag skall koppla kabeln fr\u00e5n n\u00e4tdelen till styrkortet, den best\u00e5r av 4 ledare, 2 st r\u00f6da och 2 st svarta men ingen info om vilken som \u00e4r vilken. \u00c4r det m\u00e5nne 5V och 12 Volt, eller spelar det ingen roll hur man ansluter dem. Det framg\u00e5r inte n\u00e5gonstans. Det \u00e4r ju inte s\u00e5 j\u00e4vla kul att chansa. N\u00e4r&nbsp;detta \u00e4r ingen ingen h\u00f6jdare s\u00e5 h\u00e4r l\u00e5ngt. En test med voltm\u00e4taren visad att det var samma sp\u00e4nning 12 Volt p\u00e5 b\u00e5da plintarna.<\/p>\n<figure class=\"thumbnail wp-caption alignleft\" style=\"width: 178px\"><a class=\"ngg-fancybox\" title=\" \" href=\"http:\/\/www.hahnes.se\/emigranten\/wp-content\/gallery\/prusa-3d\/3D-N%C3%A4tdel-1-1.jpg\" data-image-id=\"63\" data-src=\"http:\/\/www.hahnes.se\/emigranten\/wp-content\/gallery\/prusa-3d\/3D-N%C3%A4tdel-1-1.jpg\" data-thumbnail=\"http:\/\/www.hahnes.se\/emigranten\/wp-content\/gallery\/prusa-3d\/thumbs\/thumbs_3D-N%C3%A4tdel-1-1.jpg\" data-title=\"3D N\u00e4tdel-1\" data-description=\" \"><img loading=\"lazy\" decoding=\"async\" class=\"ngg-singlepic ngg-none\" src=\"http:\/\/www.hahnes.se\/emigranten\/wp-content\/gallery\/prusa-3d\/thumbs\/thumbs_3D-N%C3%A4tdel-1-1.jpg\" alt=\"3D N\u00e4tdel-1\" width=\"178\" height=\"133\"><\/a><figcaption class=\"caption wp-caption-text\">Klicka f\u00f6r st\u00f6rre bild.<\/figcaption><\/figure>\n<p>N\u00e4sta problem, p\u00e5 n\u00e4tdelen&nbsp;kan man l\u00e4sa att man skall kolla s\u00e5 att power switchen st\u00e5r p\u00e5 r\u00e4tt sp\u00e4nning. Jag kan inte hitta n\u00e5gon s\u00e5dan. \u00c4r man tvungen att skruva bort h\u00f6ljet f\u00f6r att hitta den? D\u00e5 river man tejpen som sitter p\u00e5 f\u00f6r garanti. Nej problemet \u00e4r l\u00f6st. Med hj\u00e4lp av en ficklampa kunde jag lysa i h\u00e5len p\u00e5 h\u00f6ljet och kika in i h\u00e5len, d\u00e4r inne&nbsp;kunde jag se&nbsp;en omkopplare. Den var st\u00e4lld p\u00e5 230Volt. Om den hade st\u00e5tt i fel l\u00e4ge hade man kunna st\u00e4lla om den genom ett av h\u00e5len med hj\u00e4lp av ett utvikt gem. Inte ett ord om detta i manualen dock.<\/p>\n<p>S\u00e5 d\u00e4r nu&nbsp;\u00e4r skrivaren ihopmekad. N\u00e4r jag k\u00f6rde Auto home s\u00e5 gick den sn\u00e4llt och parkerade&nbsp;i ena h\u00f6rnet. Jag har testat att jogga den fr\u00e5n panelen och det funkar. Nu \u00e5terst\u00e5r att&nbsp;kolla om det kommer fram n\u00e5gon sm\u00e4llt plast och om bordet blir varmt.&nbsp; Det tog mej halva natten och n\u00e5gra timmar till idag innan den var ihopsatt.&nbsp;Nu&nbsp;blir det&nbsp;att f\u00e5 ig\u00e5ng Cura och f\u00f6rs\u00f6ka&nbsp;skriva ut n\u00e5got roligt.&nbsp;<\/p>\n<p>&nbsp;<\/p>\n<h5><strong>H\u00e4r f\u00f6ljer nu beskrivningen av den krokiga v\u00e4g som jag fick&nbsp;vandra vid ihopmonteringen.<\/strong><\/h5>\n<p><a href=\"http:\/\/www.hahnes.se\/emigranten\/wp-content\/uploads\/2016\/10\/3Dhelbild-e1489953335468.jpg\"><img loading=\"lazy\" decoding=\"async\" class=\"alignright wp-image-997\" src=\"http:\/\/www.hahnes.se\/emigranten\/wp-content\/uploads\/2016\/10\/3Dhelbild-e1489953335468.jpg\" alt=\"Prusa 3D\" width=\"232\" height=\"232\"><\/a><\/p>\n<p>Det f\u00f6rsta jag gjorde var att att skriva ut manualen p\u00e5 A4. Detta f\u00f6r att de numrerade delarna var avbildade i slutet p\u00e5 manualen och det blev ett v\u00e4ldigt bl\u00e4ddrande i datorn fr\u00e5n monteringsanvisningarna i b\u00f6rjan p\u00e5 manualen till slutet f\u00f6r att identifiera de ing\u00e5ende delarna.<\/p>\n<p>Sedan gick det ganska enkelt att montera ihop det hela rent mekaniskt. Det som st\u00e4llde till det var att&nbsp;n\u00e4r kablarna fr\u00e5n de olika motorerna m.m. skulle pluggas in p\u00e5 drivkortet s\u00e5 st\u00e4mde inte en enda siffra i&nbsp;manualens monteringsanvisningar. D\u00e4remot s\u00e5 fanns det en beskrivning \u00f6ver sj\u00e4lva drivkortet som talade om vilken port som servade&nbsp;motsvarande funktion. Den st\u00e4mde n\u00e4stan. Det som var fel var att det saknades portnummer till ena Z &#8211; motorn.<\/p>\n<p>Det fanns e<img loading=\"lazy\" decoding=\"async\" class=\"ngg-singlepic ngg-none alignleft\" src=\"http:\/\/www.hahnes.se\/emigranten\/wp-content\/gallery\/prusa-3d\/3D-CPU-1.jpg\" alt=\"3D CPU\" width=\"264\" height=\"342\">n t\u00e4nkbar kontakt (16) under kontakten till den f\u00f6rsta motorn s\u00e5 det var logiskt&nbsp;att den var till andra motorn. Eftersom motorerna \u00e4r parallellkopplade s\u00e5 kunde jag kolla att det st\u00e4mde med hj\u00e4lp av mitt universalinstrument.&nbsp;<\/p>\n<p>S\u00e5 var det n\u00e4sta fr\u00e5getecken. Drivkortet \u00e4r f\u00f6rberett f\u00f6r tv\u00e5 stycken nozzel R resp L, b\u00e5da \u00e4r felaktigt ben\u00e4mnda med L D\u00e4remot s\u00e5 \u00e4r tempgivarna r\u00e4tt ben\u00e4mnda: Problemet \u00e4r ju att man inte vet vilken powerport som h\u00f6r till respektive sensor. D\u00e4r gissade jag att port 4 var R s\u00e5 sensorn hamnade allts\u00e5 i kontakt nr 22 och det funkade.<\/p>\n<p>S\u00e5 var det dags att koppla in LED-panelen.&nbsp;Enligt manualen skall den kopplas in med 2 st likadana flatkablar p\u00e5 f\u00f6ljande terminaler: EXP1&nbsp;skall kopplas till port 19 p\u00e5 moderkortet och EXP2 skall kopplas till port 20 p\u00e5 moderkortet.<\/p>\n<p>Nu \u00e4r det s\u00e5 att portarna p\u00e5 drivkortet \u00e4r m\u00e4rkta med <strong>20 LED<\/strong>, resp.<strong> 21 SDcard<\/strong> . Det \u00e4r bara det att port 19 p\u00e5 drivkortet \u00e4r till f\u00f6r&nbsp;&nbsp;X-axelns gr\u00e4nsl\u00e4ge och ser helt annorlunda ut.<\/p>\n<p>De 2 bandkablarna EXP1 och EXP2 skall allts\u00e5 anslutas till port&nbsp;20 och 21. Men vilken som \u00e4r vilken \u00e4r inte angivet n\u00e5gonstans i manualen.&nbsp;Genom att kolla med mitt universalinstrument p\u00e5 kretskortet s\u00e5 kund jag m\u00e4ta&nbsp;att den undre kontakten&nbsp;var den som skulle kopplas till kontakten m\u00e4rkt med CDcard&nbsp;p\u00e5 drivkortet.<\/p>\n<p><img loading=\"lazy\" decoding=\"async\" class=\"ngg-singlepic ngg-none\" src=\"http:\/\/www.hahnes.se\/emigranten\/wp-content\/gallery\/prusa-3d\/3D-LED-1.jpg\" alt=\"3D LED\" width=\"806\" height=\"382\"><\/p>\n<p>Ok. Kablarna \u00e4r anslutna. En del var 3 g\u00e5nger s\u00e5 l\u00e5nga som beh\u00f6vdes, det var medlevererat en kort bit<br \/>\nav spiralslang som man kunde bunta ihop kablarna fr\u00e5n bordet med. Som tur var s\u00e5 hade jag en l\u00e5ng<br \/>\nspiral liggande &nbsp;i mina g\u00f6mmor s\u00e5 jag kunde bunta ihop kablarna fr\u00e5n extrudern. Alla andra sladdar<br \/>\nrullade jag ihop och f\u00e4ste upp med buntband.<\/p>\n<figure class=\"thumbnail wp-caption alignleft\" style=\"width: 169px\"><a class=\"ngg-fancybox\" title=\" \" href=\"http:\/\/www.hahnes.se\/emigranten\/wp-content\/gallery\/prusa-3d\/Gr%C3%A4nsl%C3%A4gesbrytare-Y-axeln1.jpg\" data-image-id=\"152\" data-src=\"http:\/\/www.hahnes.se\/emigranten\/wp-content\/gallery\/prusa-3d\/Gr%C3%A4nsl%C3%A4gesbrytare-Y-axeln1.jpg\" data-thumbnail=\"http:\/\/www.hahnes.se\/emigranten\/wp-content\/gallery\/prusa-3d\/thumbs\/thumbs_Gr%C3%A4nsl%C3%A4gesbrytare-Y-axeln1.jpg\" data-title=\"Gr\u00e4nsl\u00e4gesbrytare Y-axeln1\" data-description=\" \"><img loading=\"lazy\" decoding=\"async\" class=\"ngg-singlepic ngg-none\" src=\"http:\/\/www.hahnes.se\/emigranten\/wp-content\/gallery\/prusa-3d\/thumbs\/thumbs_Gr%C3%A4nsl%C3%A4gesbrytare-Y-axeln1.jpg\" alt=\"Gr\u00e4nsl\u00e4gesbrytare Y-axeln1\" width=\"169\" height=\"127\"><\/a><figcaption class=\"caption wp-caption-text\">Klicka f\u00f6r st\u00f6rre bild<\/figcaption><\/figure>\n<p>S\u00e5 nu var det dags att justera in Z-axelns&nbsp;gr\u00e4nsl\u00e4ge p\u00e5 r\u00e4tt h\u00f6jd f\u00f6r att inte krocka med bordet,&nbsp;eftersom jag inte visste exakt n\u00e4r gr\u00e4nsl\u00e4get bryter s\u00e5 justerade jag med s\u00e4kerhetsmarginal upp\u00e5t f\u00f6r&nbsp;att inte krocka med bordet.&nbsp;Kastade mig sedan direkt i sj\u00f6n med att ansluta skrivaren till n\u00e4tet och klicka p\u00e5 Auto home. Det fungerade n\u00e4sta perfekt. Ett fel var&nbsp;att gr\u00e4nsl\u00e4get f\u00f6r Y-axeln satt f\u00f6r l\u00e5ngt bak s\u00e5 nozzeln hamnade utanf\u00f6r bordet vid noll. Det avhj\u00e4lptes med full\u00f6sningen att b\u00f6ja p\u00e5 gr\u00e4nsl\u00e4gets pl\u00e5ttunga en aning.<\/p>\n<p>&nbsp;<\/p>\n<p>&nbsp;<\/p>\n<div class=\"row\"> <div class=\"col-md-3\">\n<figure id=\"attachment_1276\" class=\"thumbnail wp-caption alignleft\" style=\"width: 200px\"><a href=\"http:\/\/www.hahnes.se\/emigranten\/wp-content\/uploads\/2017\/03\/3D-X-limit-900-1213.jpg\"><img loading=\"lazy\" decoding=\"async\" class=\"wp-image-1276 size-thumbnail\" src=\"http:\/\/www.hahnes.se\/emigranten\/wp-content\/uploads\/2017\/03\/3D-X-limit-900-1213-150x150.jpg\" alt=\"\" width=\"200\" height=\"200\"><\/a><figcaption class=\"caption wp-caption-text\"><strong>Klicka f\u00f6r st\u00f6rre bild.<\/strong><\/figcaption><\/figure>\n<\/div><div class=\"col-md-6\">\n<p>N\u00e4sta fel var att gr\u00e4nsl\u00e4get f\u00f6r X satt helt l\u00f6st och gick inte att skruva fast, det fanns inga g\u00e4ngor i plasten. L\u00f6sning fick bli lite superlim i varje skruvh\u00e5l, sedan satt den som berget.<\/p>\n<p>Sedan testade jag att jogga alla axlar till sina \u00e4ndl\u00e4gen och d\u00e5 hittade jag ytterligare ett fel som stoppade Z halvv\u00e4gs upp. Det var en skruvskalle som krockade med remsp\u00e4nnaren p\u00e5 h\u00f6ger sida. L\u00f6sning: Fila ner skallen till 1 mm.<\/p>\n<\/div><div class=\"col-md-3\">\n<figure id=\"attachment_1277\" class=\"thumbnail wp-caption alignleft\" style=\"width: 200px\"><a href=\"http:\/\/www.hahnes.se\/emigranten\/wp-content\/uploads\/2017\/03\/Z-axelH\u00f6ger-Skruv.jpg\"><img loading=\"lazy\" decoding=\"async\" class=\"wp-image-1277 size-thumbnail\" src=\"http:\/\/www.hahnes.se\/emigranten\/wp-content\/uploads\/2017\/03\/Z-axelH\u00f6ger-Skruv-150x150.jpg\" alt=\"\" width=\"200\" height=\"200\"><\/a><figcaption class=\"caption wp-caption-text\"><strong>Klicka f\u00f6r st\u00f6rre bild.<\/strong><\/figcaption><\/figure>\n<\/div><\/div>\n<figure id=\"attachment_1376\" class=\"thumbnail wp-caption alignleft\" style=\"width: 200px\"><a href=\"http:\/\/www.hahnes.se\/emigranten\/wp-content\/uploads\/2017\/03\/kermit-2091891_1280.jpg\"><img loading=\"lazy\" decoding=\"async\" class=\"wp-image-1376\" src=\"http:\/\/www.hahnes.se\/emigranten\/wp-content\/uploads\/2017\/03\/kermit-2091891_1280-150x150.jpg\" alt=\"\" width=\"200\" height=\"200\"><\/a><figcaption class=\"caption wp-caption-text\"><strong>Klicka f\u00f6r st\u00f6rre bild.<\/strong><\/figcaption><\/figure>\n<p>Skrivaren \u00e4r nu klar f\u00f6r att visa vad den kan. F\u00f6rst jobbet blir att skriva ut en liten provbricka med ett antal h\u00e5l i.<\/p>\n<p>S\u00e5 i n\u00e4sta inl\u00e4gg <strong>(3d-skrivare Del 2)<\/strong> kommer jakten p\u00e5 precision att dra ig\u00e5ng med pukor och trumpeter.<br \/>\n&nbsp;<\/p>\n","protected":false},"excerpt":{"rendered":"<p>F\u00f6r en tid sedan fick jag delarna till min DIY Prusa p\u00e5 posten. Jag har inte packat upp de f\u00f6r \u00e4n idag eftersom jag varit fullt sysselsatt men att f\u00e5 ig\u00e5ng den elektroniska styrningen till min braskamin. Eftersom jag just &hellip; <a href=\"http:\/\/hahnes.se\/emigranten\/?p=986\">Continued<\/a><\/p>\n","protected":false},"author":1,"featured_media":1271,"comment_status":"open","ping_status":"closed","sticky":false,"template":"","format":"standard","meta":{"kt_blocks_editor_width":"","footnotes":""},"categories":[26],"tags":[],"class_list":["post-986","post","type-post","status-publish","format-standard","has-post-thumbnail","hentry","category-elektronikhornan"],"_links":{"self":[{"href":"http:\/\/hahnes.se\/emigranten\/index.php?rest_route=\/wp\/v2\/posts\/986","targetHints":{"allow":["GET"]}}],"collection":[{"href":"http:\/\/hahnes.se\/emigranten\/index.php?rest_route=\/wp\/v2\/posts"}],"about":[{"href":"http:\/\/hahnes.se\/emigranten\/index.php?rest_route=\/wp\/v2\/types\/post"}],"author":[{"embeddable":true,"href":"http:\/\/hahnes.se\/emigranten\/index.php?rest_route=\/wp\/v2\/users\/1"}],"replies":[{"embeddable":true,"href":"http:\/\/hahnes.se\/emigranten\/index.php?rest_route=%2Fwp%2Fv2%2Fcomments&post=986"}],"version-history":[{"count":22,"href":"http:\/\/hahnes.se\/emigranten\/index.php?rest_route=\/wp\/v2\/posts\/986\/revisions"}],"predecessor-version":[{"id":1618,"href":"http:\/\/hahnes.se\/emigranten\/index.php?rest_route=\/wp\/v2\/posts\/986\/revisions\/1618"}],"wp:featuredmedia":[{"embeddable":true,"href":"http:\/\/hahnes.se\/emigranten\/index.php?rest_route=\/wp\/v2\/media\/1271"}],"wp:attachment":[{"href":"http:\/\/hahnes.se\/emigranten\/index.php?rest_route=%2Fwp%2Fv2%2Fmedia&parent=986"}],"wp:term":[{"taxonomy":"category","embeddable":true,"href":"http:\/\/hahnes.se\/emigranten\/index.php?rest_route=%2Fwp%2Fv2%2Fcategories&post=986"},{"taxonomy":"post_tag","embeddable":true,"href":"http:\/\/hahnes.se\/emigranten\/index.php?rest_route=%2Fwp%2Fv2%2Ftags&post=986"}],"curies":[{"name":"wp","href":"https:\/\/api.w.org\/{rel}","templated":true}]}}