{"id":842,"date":"2016-01-08T18:22:20","date_gmt":"2016-01-08T17:22:20","guid":{"rendered":"http:\/\/www.hahnes.se\/emigranten\/?p=842"},"modified":"2019-08-24T19:24:48","modified_gmt":"2019-08-24T17:24:48","slug":"somliga-har-det-svarare-an-andra","status":"publish","type":"post","link":"http:\/\/hahnes.se\/emigranten\/?p=842","title":{"rendered":"Somliga har det sv\u00e5rare \u00e4n andra."},"content":{"rendered":"<p>Ja detta blir en kort ber\u00e4ttelse om hur det kan vara att att leva som l\u00e5ginkomsttagare i detta land. Nu menar jag inte l\u00e5ginkomsttagare som mig, som lever under EU-s fattigdomsgr\u00e4ns p\u00e5 min sketna pension utan p\u00e5 dom inf\u00f6dda medborgarna i detta land som saknar yrkesutbildning och bra skolg\u00e5ng.<\/p>\n<p>Om jag omvandlar min futtiga pension till peso, vilket \u00e4r den valuta som g\u00e4ller h\u00e4r, s\u00e5 blir det ca 35000 peso\/m\u00e5nad. Om man har ett vanligt kneg som t.ex. (kassabitr\u00e4de, bilmekaniker m.m p\u00e5 heltid h\u00e4r s\u00e5 tj\u00e4nar man ca 10000 peso\/m\u00e5n. Blir man sjuk s\u00e5 tj\u00e4nar man ingenting.<\/p>\n<p>Levnadsomkostnaderna h\u00e4r \u00e4r s\u00e5pass h\u00f6ga s\u00e5 att jag har varit tvungen att ta till reservkapital p\u00e5 ca 10000 peso ut\u00f6ver min pension per m\u00e5nad hittills.Men det beror f\u00f6rst\u00e5s p\u00e5 att jag inte l\u00e4rt mig hur jag kan leva billigare \u00e4nnu. Jag menar att om en familj med 2 vuxna h\u00e4r med 2-3 barn kan \u00f6verleva p\u00e5 20000\/m\u00e5n s\u00e5 borde jag l\u00e4tt som ensamst\u00e5ende kunna leva mycket gott p\u00e5 mina 35000\/m\u00e5n.<\/p>\n<p>N\u00e5v\u00e4l det finns ju \u00e4ven massor av m\u00e4nniskor h\u00e4r om lever i h\u00f6gsta armod och saknar arbete eller f\u00f6rm\u00e5ga att arbeta de \u00e4r ju naturligtvis mycket utsatta och man har sv\u00e5rt att f\u00f6rest\u00e4lla sig hur det kan vara s\u00e5 illa i ett land som \u00e4r bland de rikaste i v\u00e4rlden r\u00e4knat per capita. N\u00e4r man ser alla dessa Lyxiga Mercedes, Ferrari, BMW m.m p\u00e5 v\u00e4garna s\u00e5 verkar det nog sannolikt att det \u00e4r en enorm klasskillnad som g\u00e4ller.<\/p>\n<figure id=\"attachment_844\" class=\"thumbnail wp-caption alignleft\" style=\"width: 300px\"><a href=\"http:\/\/www.hahnes.se\/emigranten\/wp-content\/uploads\/2016\/01\/Denfinavitad\u00f6rren.jpg\" rel=\"attachment wp-att-844\"><img loading=\"lazy\" decoding=\"async\" class=\"size-medium wp-image-844\" src=\"http:\/\/www.hahnes.se\/emigranten\/wp-content\/uploads\/2016\/01\/Denfinavitad\u00f6rren-300x214.jpg\" alt=\"Klicka f\u00f6r st\u00f6rre bild\" width=\"300\" height=\"214\" srcset=\"http:\/\/hahnes.se\/emigranten\/wp-content\/uploads\/2016\/01\/Denfinavitad\u00f6rren-300x214.jpg 300w, http:\/\/hahnes.se\/emigranten\/wp-content\/uploads\/2016\/01\/Denfinavitad\u00f6rren-768x549.jpg 768w, http:\/\/hahnes.se\/emigranten\/wp-content\/uploads\/2016\/01\/Denfinavitad\u00f6rren.jpg 1280w\" sizes=\"auto, (max-width: 300px) 100vw, 300px\" \/><\/a><figcaption class=\"caption wp-caption-text\">Klicka f\u00f6r st\u00f6rre bild<\/figcaption><\/figure>\n<p>Ok. Det har just varit ny\u00e5r och detta utl\u00f6ste troligen den h\u00e4ndelse jag nu skall beskriva. Jag sitter ofta ute p\u00e5 min balkong och filosoferar i min gungstol som gamla gubbar g\u00f6r, Det har ni s\u00e4kert sett p\u00e5 amerikanska v\u00e4sternfilmer, eller s\u00e5 f\u00e5r ni tro p\u00e5 vad jag s\u00e4ger. P\u00e5 andra sidan gatan finns ett hus d\u00e4r man p\u00e5 taket murat upp en mindre l\u00e4genhet i old fashion Dominican style kan man v\u00e4l s\u00e4ga. Det finaste p\u00e5 hela bygget var en splitter ny vit paneld\u00f6rr som s\u00e5g v\u00e4ldigt dyr och fin ut.<\/p>\n<p>S\u00e5 vitt jag kunde f\u00f6rst\u00e5 s\u00e5 beboddes denna lilla l\u00e4genhet av ett par i 30 \u00e5rs \u00e5ldern. Att kvinnan arbetade kunde jag p\u00e5 relativt s\u00e4kra grunder anta eftersom hon dagligen l\u00e4mnade l\u00e4genheten p\u00e5 morgonen och \u00e5terkom p\u00e5 eftermiddagen. Att mannen i huset inte arbetade eller ens f\u00f6rs\u00f6kte arbeta kunde jag l\u00e4tt konstatera. Han brukade p\u00e5 tuppars vis komma fram ur boet fram p\u00e5 f\u00f6rmiddagen och spr\u00e4tta runt lite p\u00e5 det omgivande taket, f\u00f6r att sedan s\u00e4tta sig i en gungstol som redan p\u00e5 v\u00e4sternfilmernas tid sett sina b\u00e4sta dagar. (Faan det h\u00e4r \u00e4r ju rena skvallerspalten t\u00e4nker jag nu. Skall jag verkligen forts\u00e4tta skvallret?)<\/p>\n<p>H\u00f6rde jag ett enstaka tveksamt Jaaa! Ok, tackar s\u00e5 innerligt f\u00f6r uppm\u00e4rksamheten. Varf\u00f6r drar jag upp detta ihop med ny\u00e5r? Jo det var n\u00e4mligen s\u00e5 att n\u00e5gon dag efter ny\u00e5r s\u00e5 var din vita fina nya dyra d\u00f6rren v\u00e4l f\u00f6rseglad med en k\u00e4tting och ett h\u00e4ngl\u00e5s l\u00e5st fr\u00e5n utsidan. Just n\u00e4r jag sitter d\u00e4r och filosoferar s\u00e5 dyker mannen upp med ett en meter l\u00e5ngt armeringsj\u00e4rn i n\u00e4ven som han energiskt f\u00f6rs\u00f6ker bryta bort l\u00e5set med, men han r\u00e5dde inte p\u00e5 det s\u00e5 han dr\u00f6p av f\u00f6r att \u00e5terkomma med ett 2 meter l\u00e5ngt armeringsj\u00e4rn som inte heller d\u00f6g till att f\u00e5 bort k\u00e4ttingen.<\/p>\n<figure id=\"attachment_845\" class=\"thumbnail wp-caption alignright\" style=\"width: 300px\"><a href=\"http:\/\/www.hahnes.se\/emigranten\/wp-content\/uploads\/2016\/01\/insparkad-d\u00f6rr.jpg\" rel=\"attachment wp-att-845\"><img loading=\"lazy\" decoding=\"async\" class=\"size-medium wp-image-845\" src=\"http:\/\/www.hahnes.se\/emigranten\/wp-content\/uploads\/2016\/01\/insparkad-d\u00f6rr-300x270.jpg\" alt=\"Klicka f\u00f6r st\u00f6rre bild\" width=\"300\" height=\"270\" srcset=\"http:\/\/hahnes.se\/emigranten\/wp-content\/uploads\/2016\/01\/insparkad-d\u00f6rr-300x270.jpg 300w, http:\/\/hahnes.se\/emigranten\/wp-content\/uploads\/2016\/01\/insparkad-d\u00f6rr-768x691.jpg 768w, http:\/\/hahnes.se\/emigranten\/wp-content\/uploads\/2016\/01\/insparkad-d\u00f6rr-1139x1024.jpg 1139w, http:\/\/hahnes.se\/emigranten\/wp-content\/uploads\/2016\/01\/insparkad-d\u00f6rr.jpg 2028w\" sizes=\"auto, (max-width: 300px) 100vw, 300px\" \/><\/a><figcaption class=\"caption wp-caption-text\">Klicka f\u00f6r st\u00f6rre bild<\/figcaption><\/figure>\n<p>Jag satt v\u00e4l d\u00e4r i min gungstol och, ja ni vet som gamla gubbar g\u00f6r och m\u00e5r g\u00f6tt. D\u00e5 kommer mannen \u00e5ngade upp f\u00f6r trappan till l\u00e4genheten med den fina nya vita dyra d\u00f6rren, (det d\u00e4r har jag h\u00f6rt f\u00f6rut) Han s\u00e4tter upp h\u00f6gerfoten mitt i rusningen och trycker den rakt in&nbsp; i den fina&#8230;.jaja. Som nu pl\u00f6tsligt inte var en fin vit dyr d\u00f6rr l\u00e4ngre utan mer en f\u00f6re detta fin vit dyr d\u00f6rr, som lite lojt dinglade i den bortsparkade d\u00f6rrkarmen som nu befann sig halvv\u00e4gs in i l\u00e4genheten.<\/p>\n<p>Japp, det d\u00e4r var ju betydligt enklare \u00e4n att f\u00f6rs\u00f6ka bryta upp ett sketet h\u00e4ngl\u00e5s med ett 2 meter l\u00e5ngt armeringsj\u00e4rn. S\u00e5 nu vill ni naturligtvis ha svar p\u00e5 3 saker. F\u00f6r det f\u00f6rsta, varf\u00f6r var d\u00f6rren f\u00f6rseglad med en bautak\u00e4tting som motst\u00e5r armeringsj\u00e4rn&nbsp; av b\u00e4sta kvalit\u00e9. Jo min slutledning blir att hyran f\u00f6rmodligen inte blivit betald och att kontraktet d\u00e4rmed gick ut vid \u00e5rsskiftet.<\/p>\n<p>Fr\u00e5ga numer tv\u00e5, vad drev mannen till att ta till s\u00e5dana drastiska \u00e5tg\u00e4rder som att sparka in d\u00f6rren. Hade han beh\u00f6vt komma in f\u00f6r att flytta ut s\u00e5 hade han ju kunnat ta kontakt med hyresv\u00e4rden. Jo det kan jag som mycket god iakttagare svara p\u00e5, han gick direkt in i l\u00e4genhet och kommer 5 sekunder senare ut med en 1.5 liters cocacolaflaska, att inneh\u00e5llet inte var cocacola kunde man l\u00e4tt se eftersom den inneh\u00f6ll en f\u00e4rgl\u00f6s v\u00e4tska, som n\u00e4r den inmundigats gav intrycket av att det var n\u00e5got i princip livr\u00e4ddande som manen f\u00e5tt innanf\u00f6r v\u00e4sten. Ja n\u00e5gon v\u00e4st hade han ju f\u00f6rst\u00e5s inte, han var bar p\u00e5 \u00f6verkroppen som vanligt \u00e4r h\u00e4r i den 35 gradiga v\u00e4rmen. Det d\u00e4r med v\u00e4sten \u00e4r v\u00e4l mer ett gammalt uttryck fr\u00e5n gods\u00e4garnas tid i Sverige.<\/p>\n<figure id=\"attachment_846\" class=\"thumbnail wp-caption alignleft\" style=\"width: 300px\"><a href=\"http:\/\/www.hahnes.se\/emigranten\/wp-content\/uploads\/2016\/01\/s\u00e4ngbottend\u00f6rren.jpg\" rel=\"attachment wp-att-846\"><img loading=\"lazy\" decoding=\"async\" class=\"size-medium wp-image-846\" src=\"http:\/\/www.hahnes.se\/emigranten\/wp-content\/uploads\/2016\/01\/s\u00e4ngbottend\u00f6rren-300x202.jpg\" alt=\"Klicka f\u00f6r st\u00f6rre bild\" width=\"300\" height=\"202\" srcset=\"http:\/\/hahnes.se\/emigranten\/wp-content\/uploads\/2016\/01\/s\u00e4ngbottend\u00f6rren-300x202.jpg 300w, http:\/\/hahnes.se\/emigranten\/wp-content\/uploads\/2016\/01\/s\u00e4ngbottend\u00f6rren-768x518.jpg 768w, http:\/\/hahnes.se\/emigranten\/wp-content\/uploads\/2016\/01\/s\u00e4ngbottend\u00f6rren.jpg 1280w\" sizes=\"auto, (max-width: 300px) 100vw, 300px\" \/><\/a><figcaption class=\"caption wp-caption-text\">Klicka f\u00f6r st\u00f6rre bild<\/figcaption><\/figure>\n<p>Fr\u00e5ga nummer tre, ja den h\u00e4nger fortfarande lite i luften liksom d\u00f6rren gjorde ett tag innan han fick bort den helt, men p\u00e5 eftermiddagen d\u00f6k den i alla fall den arbetande hustrun upp och s\u00e5g f\u00f6rf\u00e4rat vad som h\u00e4nt. Efter en ordv\u00e4xling som inneh\u00f6ll en f\u00f6r mannen hel del nedv\u00e4rderande uttryck, som jag kan l\u00e5ta vara oskrivna, avl\u00e4gsnade sig hustrun fr\u00e5n &#8221;brottsplatsen&#8221;. Nu blev det verksamhet. Mannen som jag aldrig sett utr\u00e4tta n\u00e5got som helst nyttigt arbete tidigare sl\u00e4pade fram en gammal rostig s\u00e4ngbotten fr\u00e5n taket, som han sedan sp\u00e4nde upp ett lakan p\u00e5 och vips s\u00e5 hade han en d\u00f6rr. Senare p\u00e5 kv\u00e4llen \u00e5terv\u00e4nde \u00e4ven hustun till hemmets h\u00e4rd och lugnet l\u00e4grade sig. Vad som l\u00e4grade sig mer vet bara de inblandade p\u00e5 andra sidan &#8221;d\u00f6rr&#8221;lakanet.<\/p>\n<p>Senare n\u00e4sta dag l\u00e4mnade de l\u00e4genheten under h\u00f6ga tillm\u00e4len och \u00e5t ett varsitt h\u00e5ll och det har nu passerat n\u00e5gra dagar och &#8221;d\u00f6rren&#8221; har hela tiden varit st\u00e4ngd, s\u00e5 boet \u00e4r nog utfluget. Men&#8230;<\/p>\n<h3 class=\"r\"><a href=\"https:\/\/www.flashback.org\/t169941\">It aint over &#8217;til the fat lady sings.<\/a><\/h3>\n<p>&nbsp;<\/p>\n","protected":false},"excerpt":{"rendered":"<p>Ja detta blir en kort ber\u00e4ttelse om hur det kan vara att att leva som l\u00e5ginkomsttagare i detta land. Nu menar jag inte l\u00e5ginkomsttagare som mig, som lever under EU-s fattigdomsgr\u00e4ns p\u00e5 min sketna pension utan p\u00e5 dom inf\u00f6dda medborgarna &hellip; <a href=\"http:\/\/hahnes.se\/emigranten\/?p=842\">Continued<\/a><\/p>\n","protected":false},"author":1,"featured_media":843,"comment_status":"open","ping_status":"closed","sticky":false,"template":"","format":"standard","meta":{"kt_blocks_editor_width":"","footnotes":""},"categories":[22],"tags":[],"class_list":["post-842","post","type-post","status-publish","format-standard","has-post-thumbnail","hentry","category-det-nya-landet"],"_links":{"self":[{"href":"http:\/\/hahnes.se\/emigranten\/index.php?rest_route=\/wp\/v2\/posts\/842","targetHints":{"allow":["GET"]}}],"collection":[{"href":"http:\/\/hahnes.se\/emigranten\/index.php?rest_route=\/wp\/v2\/posts"}],"about":[{"href":"http:\/\/hahnes.se\/emigranten\/index.php?rest_route=\/wp\/v2\/types\/post"}],"author":[{"embeddable":true,"href":"http:\/\/hahnes.se\/emigranten\/index.php?rest_route=\/wp\/v2\/users\/1"}],"replies":[{"embeddable":true,"href":"http:\/\/hahnes.se\/emigranten\/index.php?rest_route=%2Fwp%2Fv2%2Fcomments&post=842"}],"version-history":[{"count":3,"href":"http:\/\/hahnes.se\/emigranten\/index.php?rest_route=\/wp\/v2\/posts\/842\/revisions"}],"predecessor-version":[{"id":2711,"href":"http:\/\/hahnes.se\/emigranten\/index.php?rest_route=\/wp\/v2\/posts\/842\/revisions\/2711"}],"wp:featuredmedia":[{"embeddable":true,"href":"http:\/\/hahnes.se\/emigranten\/index.php?rest_route=\/wp\/v2\/media\/843"}],"wp:attachment":[{"href":"http:\/\/hahnes.se\/emigranten\/index.php?rest_route=%2Fwp%2Fv2%2Fmedia&parent=842"}],"wp:term":[{"taxonomy":"category","embeddable":true,"href":"http:\/\/hahnes.se\/emigranten\/index.php?rest_route=%2Fwp%2Fv2%2Fcategories&post=842"},{"taxonomy":"post_tag","embeddable":true,"href":"http:\/\/hahnes.se\/emigranten\/index.php?rest_route=%2Fwp%2Fv2%2Ftags&post=842"}],"curies":[{"name":"wp","href":"https:\/\/api.w.org\/{rel}","templated":true}]}}