{"id":810,"date":"2015-12-27T22:57:37","date_gmt":"2015-12-27T21:57:37","guid":{"rendered":"http:\/\/www.hahnes.se\/emigranten\/?p=810"},"modified":"2017-04-03T22:00:03","modified_gmt":"2017-04-03T20:00:03","slug":"en-dominikansk-skitsak","status":"publish","type":"post","link":"http:\/\/hahnes.se\/emigranten\/?p=810","title":{"rendered":"En Dominikansk Skitsak."},"content":{"rendered":"<p>Japp. Det fins saker h\u00e4r som man inte vill ha, passar man sig inte s\u00e5 f\u00e5r man dem i alla fall. Ofta s\u00e5 g\u00f6mmer de sig f\u00f6rr\u00e4diskt i salladen i t.ex \u00a0kyckling. S\u00e5 var det i alla fall f\u00f6r mig. Efter en vecka 5 kilo l\u00e4ttare och i total avsaknad av kraft var p\u00e4rsen \u00f6ver.<\/p>\n<p>Jo, jag talar om v\u00e4rsta sortens matf\u00f6rgiftning orsakad av\u00a0Campylobacter som \u00e4r en\u00a0n\u00e4ra\u00a0sl\u00e4kting till Salmonella. Alla som haft kontakt med dessa sm\u00e5 bakteriej\u00e4vlarna vet att det g\u00e5 \u00e5t skithuspapper i kopi\u00f6sa m\u00e4ngder och m\u00e5nga kalsongtv\u00e4ttar blir det.\u00a0Dessemellan \u00e4r man s\u00e5 utmattad att man knappt orkar ta sig mellan toan och s\u00e4ngen.<\/p>\n<figure id=\"attachment_818\" class=\"thumbnail wp-caption alignright\" style=\"width: 150px\"><a href=\"http:\/\/www.hahnes.se\/emigranten\/wp-content\/uploads\/2015\/12\/bentatuering.jpg\"><img loading=\"lazy\" decoding=\"async\" class=\"size-thumbnail wp-image-818\" src=\"http:\/\/www.hahnes.se\/emigranten\/wp-content\/uploads\/2015\/12\/bentatuering-150x150.jpg\" alt=\"Klicka f\u00f6r l\u00e4skigare bild\" width=\"150\" height=\"150\" \/><\/a><figcaption class=\"caption wp-caption-text\">Klicka f\u00f6r l\u00e4skigare bild<\/figcaption><\/figure>\n<p>Men nu \u00e4r jag fit for fight igen. Jag har f\u00f6rresten skaffat mig min f\u00f6rsta tatuering. Den kallas hemangioma Dominicana, alla som \u00e5kt motoconcho har den. Den tar en tiondels sekund att anbringa, normalt p\u00e5 insidan av h\u00f6ger smalben. Verkyget som anv\u00e4nds f\u00f6r att f\u00e5 den p\u00e5 plats \u00e4r en gl\u00f6dhet ljudd\u00e4mpare p\u00e5 en motoconcho. Lite sm\u00e4rtsamt ett par dagar men f\u00f6rhoppningsvis blir det en fin liten oval n\u00e4r v\u00e4rsta inflammationen lagt sig efter n\u00e5gra veckor. Tyv\u00e4rr b\u00f6r man inte bada i havet under den tiden l\u00e4kningen p\u00e5g\u00e5r, men det skiter v\u00e4l ni i Sverige i just nu i alla fall.<\/p>\n<p>Det ar blivit lite d\u00e5ligt med uppdateringar p\u00e5 sista tiden men jag skall f\u00f6rs\u00f6ka b\u00e4ttra mig p\u00e5 den punkten. Jag har inte ber\u00e4ttat s\u00e5 mycket om hur jag bor. S\u00e5 nu skall jag ber\u00e4tta hur jag bor f\u00f6r bor det g\u00f6r jag. De f\u00f6rsta 10 dagarna hyrde jag provisoriskt ett rum f\u00f6r 10 US$ per natt. Ja i sj\u00e4lva verket var det tv\u00e5 rum men eftersom det ena rummet var helt tomt p\u00e5 m\u00f6bler s\u00e5 var det inte till mycket\u00a0nytta. Det andra rummet var m\u00f6blerat med en s\u00e4ng och ett litet s\u00e4ngbord. N\u00e5gon stol att sitta p\u00e5 fanns inte s\u00e5 jag fick l\u00e5na en s\u00e5n d\u00e4r sladdrig plaststol som man har till utem\u00f6bleringen. Man t\u00f6rs knappt inte fisa n\u00e4r man sitter p\u00e5 den f\u00f6r d\u00e5 brakar den v\u00e4l ihop, ett s\u00e5 kallat dubbelbrak kan intr\u00e4ffa \u00a0allts\u00e5.<\/p>\n<div class=\"row\"> <div class=\"col-md-6\">\n<p><a href=\"http:\/\/www.hahnes.se\/emigranten\/wp-content\/uploads\/2015\/12\/vardagsrum.jpg\"><img loading=\"lazy\" decoding=\"async\" class=\"alignnone size-medium wp-image-816\" src=\"http:\/\/www.hahnes.se\/emigranten\/wp-content\/uploads\/2015\/12\/vardagsrum-300x200.jpg\" alt=\"vardagsrum\" width=\"300\" height=\"200\" srcset=\"http:\/\/hahnes.se\/emigranten\/wp-content\/uploads\/2015\/12\/vardagsrum-300x200.jpg 300w, http:\/\/hahnes.se\/emigranten\/wp-content\/uploads\/2015\/12\/vardagsrum.jpg 1280w\" sizes=\"auto, (max-width: 300px) 100vw, 300px\" \/><\/a><\/p>\n<p>&nbsp;<\/p>\n<\/div><div class=\"col-md-6\">\n<p><a href=\"http:\/\/www.hahnes.se\/emigranten\/wp-content\/uploads\/2015\/12\/k\u00f6k.jpg\"><img loading=\"lazy\" decoding=\"async\" class=\"alignnone size-medium wp-image-814\" src=\"http:\/\/www.hahnes.se\/emigranten\/wp-content\/uploads\/2015\/12\/k\u00f6k-300x200.jpg\" alt=\"k\u00f6k\" width=\"300\" height=\"200\" srcset=\"http:\/\/hahnes.se\/emigranten\/wp-content\/uploads\/2015\/12\/k\u00f6k-300x200.jpg 300w, http:\/\/hahnes.se\/emigranten\/wp-content\/uploads\/2015\/12\/k\u00f6k.jpg 1280w\" sizes=\"auto, (max-width: 300px) 100vw, 300px\" \/><\/a><\/p>\n<\/div><\/div>\n<div class=\"row\"> <div class=\"col-md-4\">\n<p><a href=\"http:\/\/www.hahnes.se\/emigranten\/wp-content\/uploads\/2015\/11\/Bobs-apartment-4.jpg\"><img loading=\"lazy\" decoding=\"async\" class=\"alignnone size-medium wp-image-795\" src=\"http:\/\/www.hahnes.se\/emigranten\/wp-content\/uploads\/2015\/11\/Bobs-apartment-4-225x300.jpg\" alt=\"Bobs apartment 4\" width=\"225\" height=\"300\" srcset=\"http:\/\/hahnes.se\/emigranten\/wp-content\/uploads\/2015\/11\/Bobs-apartment-4-225x300.jpg 225w, http:\/\/hahnes.se\/emigranten\/wp-content\/uploads\/2015\/11\/Bobs-apartment-4.jpg 720w\" sizes=\"auto, (max-width: 225px) 100vw, 225px\" \/><\/a><\/p>\n<\/div><div class=\"col-md-4\">\n<p><a href=\"http:\/\/www.hahnes.se\/emigranten\/wp-content\/uploads\/2015\/12\/Los-CocitosTv.jpg\"><img loading=\"lazy\" decoding=\"async\" class=\"alignnone size-medium wp-image-815\" src=\"http:\/\/www.hahnes.se\/emigranten\/wp-content\/uploads\/2015\/12\/Los-CocitosTv-300x200.jpg\" alt=\"Los CocitosTv\" width=\"300\" height=\"200\" srcset=\"http:\/\/hahnes.se\/emigranten\/wp-content\/uploads\/2015\/12\/Los-CocitosTv-300x200.jpg 300w, http:\/\/hahnes.se\/emigranten\/wp-content\/uploads\/2015\/12\/Los-CocitosTv.jpg 1280w\" sizes=\"auto, (max-width: 300px) 100vw, 300px\" \/><\/a><\/p>\n<p>&nbsp;<\/p>\n<\/div><div class=\"col-md-4\">\n<p><a href=\"http:\/\/www.hahnes.se\/emigranten\/wp-content\/uploads\/2015\/11\/Bobs-apartment-3.jpg\"><img loading=\"lazy\" decoding=\"async\" class=\"alignnone size-medium wp-image-794\" src=\"http:\/\/www.hahnes.se\/emigranten\/wp-content\/uploads\/2015\/11\/Bobs-apartment-3-225x300.jpg\" alt=\"Bobs apartment 3\" width=\"225\" height=\"300\" srcset=\"http:\/\/hahnes.se\/emigranten\/wp-content\/uploads\/2015\/11\/Bobs-apartment-3-225x300.jpg 225w, http:\/\/hahnes.se\/emigranten\/wp-content\/uploads\/2015\/11\/Bobs-apartment-3.jpg 720w\" sizes=\"auto, (max-width: 225px) 100vw, 225px\" \/><\/a><\/p>\n<p>&nbsp;<\/p>\n<\/div><\/div>\n<p>Ok. Efter 10 dagar flyttade jag in i en l\u00e4genhet \u00a0i Los Cocitos som hyrs av en kompis till en kompis. Han bor d\u00e4r sj\u00e4lv och jag f\u00f6rfogar\u00a0tillsammans med honom \u00f6ver hela l\u00e4genheten som \u00e4r v\u00e4lm\u00f6blerad och \u00e4ven \u00e4r f\u00f6rsedd med aircondition. D\u00e4r finns gasspis med ugn s\u00e5 man kan laga sin egen mat och h\u00e5lla sig s\u00e5 l\u00e5ngt ifr\u00e5n restaurangmaten som m\u00f6jligt. Jag har stekt svenska k\u00f6ttbullar och pannbiff med l\u00f6k som b\u00e5da gjorde succ\u00e9. Tyv\u00e4rr s\u00e5 blir frukost\u00e4ggen utan kaviar. Det fanns tidigare att k\u00f6pa p\u00e5 Ikea men eftersom det inte fanns n\u00e5gon efterfr\u00e5gan s\u00e5 har den tyv\u00e4rr utg\u00e5tt s\u00e5 nu f\u00e5r jag n\u00f6ja mig med salt.<\/p>\n<p>Hyran d\u00e5? Jo jag betalar 1000 kr\/m\u00e5n och det kan man ju leva med. Elen g\u00e5r p\u00e5 ca 200 kr\/m\u00e5n om man \u00e4r f\u00f6rsiktig med aircondition. En g\u00e5ng i veckan har vi en st\u00e4derska som st\u00e4dar hela l\u00e4genheten f\u00f6r en femtilapp.<\/p>\n<figure id=\"attachment_823\" class=\"thumbnail wp-caption alignleft\" style=\"width: 300px\"><a href=\"http:\/\/www.hahnes.se\/emigranten\/wp-content\/uploads\/2015\/12\/vyfr\u00e5nskrivplats.jpg\"><img loading=\"lazy\" decoding=\"async\" class=\"size-medium wp-image-823\" src=\"http:\/\/www.hahnes.se\/emigranten\/wp-content\/uploads\/2015\/12\/vyfr\u00e5nskrivplats-300x151.jpg\" alt=\"Klicka f\u00f6r st\u00f6rre bild.\" width=\"300\" height=\"151\" srcset=\"http:\/\/hahnes.se\/emigranten\/wp-content\/uploads\/2015\/12\/vyfr\u00e5nskrivplats-300x151.jpg 300w, http:\/\/hahnes.se\/emigranten\/wp-content\/uploads\/2015\/12\/vyfr\u00e5nskrivplats.jpg 1280w\" sizes=\"auto, (max-width: 300px) 100vw, 300px\" \/><\/a><figcaption class=\"caption wp-caption-text\">Klicka f\u00f6r st\u00f6rre bild.<\/figcaption><\/figure>\n<p>Julen har ju passerat nu och den var lugn. Jag var hembjuden p\u00e5 familjemiddag till en gammal kompis som jag f\u00f6r tjugofem \u00e5r sedan tillverkade en krok \u00e5t i st\u00e4llet f\u00f6r den hand han blivit av med i en olycksh\u00e4ndelse. D\u00e4r serverades en blandning av Dominikanska och Amerikanska matr\u00e4tter. Slutligen en liten bild jag tog precis nu fr\u00e5n d\u00e4r jag sitter och skriver.<\/p>\n<p><strong> L\u00e4gg m\u00e4rke till att alla bilder visas i st\u00f6rre format om man klickar p\u00e5 dem med v\u00e4nster musknapp.<\/strong><\/p>\n","protected":false},"excerpt":{"rendered":"<p>Japp. Det fins saker h\u00e4r som man inte vill ha, passar man sig inte s\u00e5 f\u00e5r man dem i alla fall. Ofta s\u00e5 g\u00f6mmer de sig f\u00f6rr\u00e4diskt i salladen i t.ex \u00a0kyckling. S\u00e5 var det i alla fall f\u00f6r mig. &hellip; <a href=\"http:\/\/hahnes.se\/emigranten\/?p=810\">Continued<\/a><\/p>\n","protected":false},"author":1,"featured_media":822,"comment_status":"open","ping_status":"closed","sticky":false,"template":"","format":"standard","meta":{"kt_blocks_editor_width":"","footnotes":""},"categories":[22],"tags":[],"class_list":["post-810","post","type-post","status-publish","format-standard","has-post-thumbnail","hentry","category-det-nya-landet"],"_links":{"self":[{"href":"http:\/\/hahnes.se\/emigranten\/index.php?rest_route=\/wp\/v2\/posts\/810","targetHints":{"allow":["GET"]}}],"collection":[{"href":"http:\/\/hahnes.se\/emigranten\/index.php?rest_route=\/wp\/v2\/posts"}],"about":[{"href":"http:\/\/hahnes.se\/emigranten\/index.php?rest_route=\/wp\/v2\/types\/post"}],"author":[{"embeddable":true,"href":"http:\/\/hahnes.se\/emigranten\/index.php?rest_route=\/wp\/v2\/users\/1"}],"replies":[{"embeddable":true,"href":"http:\/\/hahnes.se\/emigranten\/index.php?rest_route=%2Fwp%2Fv2%2Fcomments&post=810"}],"version-history":[{"count":13,"href":"http:\/\/hahnes.se\/emigranten\/index.php?rest_route=\/wp\/v2\/posts\/810\/revisions"}],"predecessor-version":[{"id":829,"href":"http:\/\/hahnes.se\/emigranten\/index.php?rest_route=\/wp\/v2\/posts\/810\/revisions\/829"}],"wp:featuredmedia":[{"embeddable":true,"href":"http:\/\/hahnes.se\/emigranten\/index.php?rest_route=\/wp\/v2\/media\/822"}],"wp:attachment":[{"href":"http:\/\/hahnes.se\/emigranten\/index.php?rest_route=%2Fwp%2Fv2%2Fmedia&parent=810"}],"wp:term":[{"taxonomy":"category","embeddable":true,"href":"http:\/\/hahnes.se\/emigranten\/index.php?rest_route=%2Fwp%2Fv2%2Fcategories&post=810"},{"taxonomy":"post_tag","embeddable":true,"href":"http:\/\/hahnes.se\/emigranten\/index.php?rest_route=%2Fwp%2Fv2%2Ftags&post=810"}],"curies":[{"name":"wp","href":"https:\/\/api.w.org\/{rel}","templated":true}]}}