{"id":718,"date":"2015-11-10T17:09:58","date_gmt":"2015-11-10T16:09:58","guid":{"rendered":"http:\/\/www.hahnes.se\/emigranten\/?p=718"},"modified":"2017-09-27T18:47:25","modified_gmt":"2017-09-27T16:47:25","slug":"package-rage","status":"publish","type":"post","link":"http:\/\/hahnes.se\/emigranten\/?p=718","title":{"rendered":"Package rage."},"content":{"rendered":"<p>Allt som oftast drabbas jag av <em>package rage<\/em> eller paketraseri &nbsp;som ett engelskt uttryck f\u00f6r ilska och frustration som ett resultat av problem med att f\u00e5 upp sv\u00e5r\u00f6ppnade f\u00f6rpackningar. Oftast kan det vara enkla f\u00f6rpackningar runt en plastinbakad chokladkaka. N\u00e4r man \u00e4r riktigt idiotsugen s\u00e5 g\u00e5r det inte att hitta fliken som man \u00f6ppnar med, man biter och sliter i plasth\u00f6ljet och det enda som h\u00e4nder \u00e4r att framt\u00e4nderna lossnar eller att man biter sig sj\u00e4lv i tungan.<\/p>\n<p>De v\u00e4rsta bovarna \u00e4r emellertid de f\u00f6rpackningar som omger elektroniktillbeh\u00f6r m.m. till dem kr\u00e4vs det n\u00e4st intill pl\u00e5tsax, sl\u00e4gga eller spett och har man d\u00e5 oturen med sig, vilket man alltid har n\u00e4r det g\u00e4ller plasthelvetesf\u00f6rpackningsfaanskap s\u00e5 kan man vara s\u00e4ker p\u00e5 att det g\u00e5r fel p\u00e5 ett eller annat vis. Klipper man sig inte sj\u00e4lv i fingrarna s\u00e5 klipper man f\u00f6rmodligen av en liten kabel som ligger osynligt f\u00f6rpackad precis d\u00e4r man beslutat sig f\u00f6r att klippa upp den satans f\u00f6rpackningen, Det har h\u00e4nt&#8230;massor av g\u00e5nger.<\/p>\n<p>Nu \u00e4r det ju inte bara sv\u00e5r\u00f6ppnade f\u00f6rpackningar tillverkade av superplast som kan f\u00e5 k\u00e4nslorna att svalla. Det finns n\u00e4mligen plastf\u00f6rpackningar som \u00e4r konstruerade p\u00e5 s\u00e5 vis att de aldrig skall g\u00e5 att \u00e5terf\u00f6rsluta. De kan vara lite vr\u00e5nga just n\u00e4r man \u00f6ppnar dem, men med en sax \u00e4r det inga problem att klippa upp dem i \u00f6vre kanten, det \u00e4r just n\u00e4r man har klippt upp&nbsp;dem som helvetet brakar loss.<\/p>\n<figure id=\"attachment_728\" class=\"thumbnail wp-caption alignleft\" style=\"width: 150px\"><a href=\"http:\/\/www.hahnes.se\/emigranten\/wp-content\/uploads\/2015\/11\/\u00f6gonb\u00f6nor1.jpg\"><img loading=\"lazy\" decoding=\"async\" class=\"wp-image-728 size-thumbnail\" src=\"http:\/\/www.hahnes.se\/emigranten\/wp-content\/uploads\/2015\/11\/\u00f6gonb\u00f6nor1-150x150.jpg\" alt=\"Klicka f\u00f6r st\u00f6rre bild.\" width=\"150\" height=\"150\"><\/a><figcaption class=\"caption wp-caption-text\">Klicka f\u00f6r st\u00f6rre bild.<\/figcaption><\/figure>\n<p>De blir d\u00e5 pl\u00f6tsligt s\u00e5 sk\u00f6ra att de totalkollapsar innan man ens hinner reagera och spyr ut sitt inneh\u00e5ll \u00f6ver hela k\u00f6ket. Det h\u00e4nder mig titt som t\u00e4tt och jag tycks vara s\u00e5 korkad s\u00e5 att jag g\u00e5r p\u00e5 det varenda g\u00e5ng. det h\u00e4nde mig alldeles precis nu, n\u00e4r jag \u00f6ppnade en kilop\u00e5se inneh\u00e5llande svarta\u00f6gonb\u00f6nor. Var det n\u00e5gon som blev svart i \u00f6gonen s\u00e5 var det mest jag.<\/p>\n<p>Jag har inte riktigt best\u00e4mt mig f\u00f6r n\u00e4r jag skall orka ta r\u00e4tt p\u00e5 skiten. Det f\u00e5r nog bli n\u00e5gra glas vin f\u00f6rst s\u00e5 nervbanorna kommer innanf\u00f6r skinnet. Ha de g\u00f6tt och passa er f\u00f6r plastf\u00f6rbannelsen, den sl\u00e5r alltid till n\u00e4r man minst anar.<\/p>\n<p>&nbsp;<\/p>\n","protected":false},"excerpt":{"rendered":"<p>Allt som oftast drabbas jag av package rage eller paketraseri &nbsp;som ett engelskt uttryck f\u00f6r ilska och frustration som ett resultat av problem med att f\u00e5 upp sv\u00e5r\u00f6ppnade f\u00f6rpackningar. Oftast kan det vara enkla f\u00f6rpackningar runt en plastinbakad chokladkaka. N\u00e4r &hellip; <a href=\"http:\/\/hahnes.se\/emigranten\/?p=718\">Continued<\/a><\/p>\n","protected":false},"author":1,"featured_media":723,"comment_status":"open","ping_status":"closed","sticky":false,"template":"","format":"standard","meta":{"kt_blocks_editor_width":"","footnotes":""},"categories":[18],"tags":[],"class_list":["post-718","post","type-post","status-publish","format-standard","has-post-thumbnail","hentry","category-dagliga-handelser"],"_links":{"self":[{"href":"http:\/\/hahnes.se\/emigranten\/index.php?rest_route=\/wp\/v2\/posts\/718","targetHints":{"allow":["GET"]}}],"collection":[{"href":"http:\/\/hahnes.se\/emigranten\/index.php?rest_route=\/wp\/v2\/posts"}],"about":[{"href":"http:\/\/hahnes.se\/emigranten\/index.php?rest_route=\/wp\/v2\/types\/post"}],"author":[{"embeddable":true,"href":"http:\/\/hahnes.se\/emigranten\/index.php?rest_route=\/wp\/v2\/users\/1"}],"replies":[{"embeddable":true,"href":"http:\/\/hahnes.se\/emigranten\/index.php?rest_route=%2Fwp%2Fv2%2Fcomments&post=718"}],"version-history":[{"count":13,"href":"http:\/\/hahnes.se\/emigranten\/index.php?rest_route=\/wp\/v2\/posts\/718\/revisions"}],"predecessor-version":[{"id":1791,"href":"http:\/\/hahnes.se\/emigranten\/index.php?rest_route=\/wp\/v2\/posts\/718\/revisions\/1791"}],"wp:featuredmedia":[{"embeddable":true,"href":"http:\/\/hahnes.se\/emigranten\/index.php?rest_route=\/wp\/v2\/media\/723"}],"wp:attachment":[{"href":"http:\/\/hahnes.se\/emigranten\/index.php?rest_route=%2Fwp%2Fv2%2Fmedia&parent=718"}],"wp:term":[{"taxonomy":"category","embeddable":true,"href":"http:\/\/hahnes.se\/emigranten\/index.php?rest_route=%2Fwp%2Fv2%2Fcategories&post=718"},{"taxonomy":"post_tag","embeddable":true,"href":"http:\/\/hahnes.se\/emigranten\/index.php?rest_route=%2Fwp%2Fv2%2Ftags&post=718"}],"curies":[{"name":"wp","href":"https:\/\/api.w.org\/{rel}","templated":true}]}}