{"id":2727,"date":"2019-08-30T22:27:08","date_gmt":"2019-08-30T20:27:08","guid":{"rendered":"http:\/\/www.hahnes.se\/emigranten\/?p=2727"},"modified":"2019-08-30T22:39:08","modified_gmt":"2019-08-30T20:39:08","slug":"spanning-i-tillvaron","status":"publish","type":"post","link":"http:\/\/hahnes.se\/emigranten\/?p=2727","title":{"rendered":"Sp\u00e4nning i tillvaron."},"content":{"rendered":"<p>Ja, det handlar faktiskt om sp\u00e4nning. Inte den sp\u00e4nning man upplever n\u00e4r man v\u00e4ntar p\u00e5 att kusinen skall hoppa fr\u00e5n taket f\u00f6r att testa de masonitvingar jag just konstruerat. Som 12-\u00e5riig flygvingekonstrukt\u00f6r m\u00e5ste man ju h\u00e5lla sig med testpilot. Det vore ju f\u00f6rargligt om man sj\u00e4lv vore tvungen att test sina uppfinningar och en olycka skulle intr\u00e4ffa, d\u00e5 vore ju uppfinnarbanan till \u00e4nda kanske f\u00f6r en l\u00e5ng tid. Kan till\u00e4gga, han fl\u00f6g faktiskt&#8230; i en sekund, rakt i backen, men klarades sig med ett \u00f6mmande arsle och sade omg\u00e5ende upp sig som testpilot.&nbsp;<\/p>\n<p>Nej detta g\u00e4ller en helt annan sp\u00e4nning som intr\u00e4ffade l\u00e5ngt senare i livet, fj\u00e4rran fr\u00e5n ungdomens \u00e4ventyr. Det var f\u00f6r drygt tio \u00e5r sedan i Karibien, eller dagligt talat, V\u00e4stindien. Alla som l\u00e4st tidigare inl\u00e4gg i min blogg vet d\u00e5 att jag befinner mig i Dominikanska Republiken, ni vet, d\u00e4r jag f\u00f6rsta g\u00e5ngen i mitt liv tr\u00e4ffade Bienvinido som ju var v\u00e5r eminenta v\u00e4gvisare n\u00e4r vi gjorde en dagsutflykt till bergen<a href=\"http:\/\/www.hahnes.se\/emigranten\/2015\/10\/cordillera-central\/\"> Cordillera Cenrtal<\/a><\/p>\n<figure id=\"attachment_2738\" class=\"thumbnail wp-caption alignleft\" style=\"width: 300px\"><a href=\"http:\/\/www.hahnes.se\/emigranten\/wp-content\/uploads\/2019\/08\/gasolugn.jpg\"><img loading=\"lazy\" decoding=\"async\" class=\"size-medium wp-image-2738\" src=\"http:\/\/www.hahnes.se\/emigranten\/wp-content\/uploads\/2019\/08\/gasolugn-300x225.jpg\" alt=\"\" width=\"300\" height=\"225\" srcset=\"http:\/\/hahnes.se\/emigranten\/wp-content\/uploads\/2019\/08\/gasolugn-300x225.jpg 300w, http:\/\/hahnes.se\/emigranten\/wp-content\/uploads\/2019\/08\/gasolugn-768x576.jpg 768w, http:\/\/hahnes.se\/emigranten\/wp-content\/uploads\/2019\/08\/gasolugn-1920x1440.jpg 1920w\" sizes=\"auto, (max-width: 300px) 100vw, 300px\" \/><\/a><figcaption class=\"caption wp-caption-text\">Klicka f\u00f6r st\u00f6rre bild.<\/figcaption><\/figure>\n<p>I alla fall jag bodde tillsammans med en Dominikansk kvinna i ett litet men hemtrevligt hus som var byggt av cementsten och bestod av fyra rum&nbsp; i rad, med gulkalkade v\u00e4ggar och gjutet betongtak, vilket \u00e4r ovanligt i billigare hyreshus, de brukar endast ha korrugerad v\u00e4lrostad pl\u00e5t som automatiskt vattnar eventuella inomhusblommor och andra saker n\u00e4r det regnar. N\u00e4r man klev in genom ytterd\u00f6rren s\u00e5 kom man direkt in till matplatsen, n\u00e4sta rum var k\u00f6ket som egentligen bara bestod av ett tomt rum med en uppmurad b\u00e4nk som inneh\u00f6ll en diskho av cement. Spis sk\u00e5p kyl m.m. fick man sj\u00e4lv sl\u00e4pa dit. Inredningen i detta k\u00f6k bestod av en fyrl\u00e5gig gasolugn en litet kampingbord samt ett kylsk\u00e5p av fullh\u00f6jd med ett litet kylfack.<\/p>\n<p>N\u00e4r jag flyttade in s\u00e5 fungerade kylsk\u00e5pet inte som det skulle, det blev s\u00e4llan kallt utom ibland n\u00e4r det kunde f\u00e5 ett ryck n\u00e5gra timmar, s\u00e5 det f\u00f6rsta jag gjorde var att be min sambo att ta dit en kylsk\u00e5pstekniker f\u00f6r att fixa det hela. Han anl\u00e4nde ganska omg\u00e5ende med sina verktyg och konstaterar snabbt att det m\u00e5ste fyllas p\u00e5 freon. N\u00e4r det var gjort och han f\u00e5tt betalt s\u00e5 drog han som en avl\u00f6ning utan att kontrollera om det verkligen blev kallt och det blev det inte.<\/p>\n<figure id=\"attachment_2739\" class=\"thumbnail wp-caption alignleft\" style=\"width: 300px\"><a href=\"http:\/\/www.hahnes.se\/emigranten\/wp-content\/uploads\/2019\/08\/kylsk\u00e5pet.jpg\"><img loading=\"lazy\" decoding=\"async\" class=\"size-medium wp-image-2739\" src=\"http:\/\/www.hahnes.se\/emigranten\/wp-content\/uploads\/2019\/08\/kylsk\u00e5pet-300x225.jpg\" alt=\"\" width=\"300\" height=\"225\" srcset=\"http:\/\/hahnes.se\/emigranten\/wp-content\/uploads\/2019\/08\/kylsk\u00e5pet-300x225.jpg 300w, http:\/\/hahnes.se\/emigranten\/wp-content\/uploads\/2019\/08\/kylsk\u00e5pet-768x576.jpg 768w, http:\/\/hahnes.se\/emigranten\/wp-content\/uploads\/2019\/08\/kylsk\u00e5pet-1920x1440.jpg 1920w\" sizes=\"auto, (max-width: 300px) 100vw, 300px\" \/><\/a><figcaption class=\"caption wp-caption-text\">Klicka f\u00f6r st\u00f6rre bild.<\/figcaption><\/figure>\n<p>En ny kontakt togs med teknikern, han kom och konstaterade d\u00e5 att n\u00e5got filter m\u00e5ste bytas, filtret byttes, han fick betalt och gissa vad som h\u00e4nde eller l\u00e4s sista meningen i f\u00f6reg\u00e5ende stycke, det d\u00e4r med avl\u00f6ning&#8230;..<\/p>\n<p>Tredje g\u00e5ngen han var d\u00e4r kontrollerade han \u00e5terigen gasm\u00e4ngd, den var Ok s\u00e5 vi fick r\u00e5det att kasta ut sk\u00e5pet som var oreparerbart varefter han packade ihop sina verktyg och drog iv\u00e4g utan ers\u00e4ttning.<\/p>\n<p>Ok. Nu kommer vi till detta med sp\u00e4nning. Jag knallade in till grannen som var en bilverkstad och l\u00e5nade en voltm\u00e4tare, m\u00e4tte sedan sp\u00e4nningen som kylsk\u00e5pet matades med och kunde konstatera att den var alldeles f\u00f6r l\u00e5g f\u00f6r att det skulle fungera. Det skall vara 110 Volt i uttagen men jag m\u00e4tt bara 70-80 Volt och det \u00e4r inte vad ett kylsk\u00e5p n\u00f6jer sig med. Vill man ha dess kyla s\u00e5 f\u00e5r man faan i mig mata det ordentligt annars surnar det till ordentligt.<\/p>\n<p>S\u00e5 vad g\u00f6ra nu? Jo jag fick ju f\u00f6rs\u00f6ka att ta reda p\u00e5 hur den taskiga sp\u00e4nningen tar sig fr\u00e5n k\u00e4llan fram till sk\u00e5pet. Kablarna till husets proppsk\u00e5p f\u00f6rsvann i ett h\u00e5l upp i taket s\u00e5 jag svingade mig med d\u00f6dsf\u00f6rakt upp taket och d\u00e4r m\u00f6ter mig en obetalbar syn.&nbsp;<\/p>\n<p>Det var ett remarkabelt kalejdoskop av f\u00e4rggranna hopskarvade kabelstumpar som spred sig fr\u00e5n hus till hus likt en j\u00e4ttelik bl\u00e4ckfisk som l\u00e4grat sig \u00f6ver alla taken. Kabelstumparna kom f\u00f6rmodligen fr\u00e5n skrotade bilars elsystem och var bara ihopvirade utan n\u00e5gon som helst isolering. Det var klena kabelstumpar, grova kabelstumpar \u00e4ven en och annan st\u00e5ltr\u00e5d skymtade h\u00e4r och d\u00e4r.<\/p>\n<p>Jag lyckade f\u00f6lja kablarna till en stolpe i n\u00e4rheten d\u00e4r de var fastsurrade i 110 voltsledningen fr\u00e5n kraftbolaget. Det d\u00e4r med elm\u00e4tare och s\u00e5dant tjafs fanns inte p\u00e5 kartan. Inte konstigt att kylsk\u00e5pet var olyckligt. Ok d\u00e5 var l\u00f6sningen inom r\u00e4ckh\u00e5ll,Jag b\u00f6rjade med att m\u00e4ta upp avst\u00e5ndet fr\u00e5n mitt hus fram till matarstolpen och r\u00e4knade ut vad jag beh\u00f6vde i kabelv\u00e4g, k\u00f6pte den i j\u00e4rnaff\u00e4ren. Den kostade en liten f\u00f6rm\u00f6genhet men det var det v\u00e4rt f\u00f6r att f\u00e5 ordentlig el i huset tyckte jag.Jag bad min sambo som k\u00e4nde till grannskapet att fixa fram en elkille som kunde koppla bort oss fr\u00e5n bl\u00e4ckfisken och installera den nya kabeln.<\/p>\n<figure id=\"attachment_2740\" class=\"thumbnail wp-caption alignleft\" style=\"width: 300px\"><a href=\"http:\/\/www.hahnes.se\/emigranten\/wp-content\/uploads\/2019\/08\/elstolpar.jpg\"><img loading=\"lazy\" decoding=\"async\" class=\"wp-image-2740 size-medium\" src=\"http:\/\/www.hahnes.se\/emigranten\/wp-content\/uploads\/2019\/08\/elstolpar-300x200.jpg\" alt=\"\" width=\"300\" height=\"200\" srcset=\"http:\/\/hahnes.se\/emigranten\/wp-content\/uploads\/2019\/08\/elstolpar-300x200.jpg 300w, http:\/\/hahnes.se\/emigranten\/wp-content\/uploads\/2019\/08\/elstolpar-768x512.jpg 768w, http:\/\/hahnes.se\/emigranten\/wp-content\/uploads\/2019\/08\/elstolpar-1920x1280.jpg 1920w\" sizes=\"auto, (max-width: 300px) 100vw, 300px\" \/><\/a><figcaption class=\"caption wp-caption-text\">Klicka f\u00f6r st\u00f6rre bild.<\/figcaption><\/figure>\n<p>Nu j\u00e4vlar anamma funkar kylsk\u00e5pet som det ska och is till en Cuba Libre \u00e4r p\u00e5 g\u00e5ng. Det var v\u00e4rt pengarna att f\u00e5 ordentlig sp\u00e4nning till huset. Allt var fridens bananer i en vecka. Efterf\u00f6ljande helg var vi bortresta och n\u00e4r vi \u00e5terv\u00e4nder p\u00e5 S\u00f6ndagskv\u00e4llen s\u00e5 fanns det inget lyse i huset. Kylsk\u00e5pet var stend\u00f6tt likas\u00e5. Det var sent p\u00e5 kv\u00e4llen s\u00e5 vi fick klara oss med stearinljus resten av kv\u00e4llen. Jag kunde dock konstatera att v\u00e5ra grannar hade el s\u00e5 det var tydligen bara vi som hade problem.<\/p>\n<p>N\u00e4r jag n\u00e4sta dag kl\u00e4ttrar upp p\u00e5 taket s\u00e5 kunde jag snabbt konstatera att min dyra kabel hade f\u00e5tt ben och dragit iv\u00e4g till ok\u00e4nd ort. S\u00e4g den lycka som varar. Nu var det inte sp\u00e4nning l\u00e4ngre, den tog slut lika fort som min testpilot rasade i backen f\u00f6r 50 \u00e5r sedan. Ok. min sambo har bra kontakter med grannskapet s\u00e5 hon lyckades f\u00e5 tag i brodern till den elektriker som installerade kabeln. Han f\u00f6rklarar f\u00f6r henne att han har kabeln och den \u00e5terf\u00e5s mot betalning. Han erbjuder sig \u00e4ven att \u00e5terinstallera den gratis. Summan var i stort samma som vad jag betalade n\u00e4r jag k\u00f6pte den.<\/p>\n<p>Hur i helvete kan man komma p\u00e5 att f\u00f6rst installera en kabel och sedan l\u00e5ta en brorsa stj\u00e4la den. Jo saken var mycket enkel. Elkillen hade r\u00e5kat i fylleslagsm\u00e5l utanf\u00f6r en bar och satt just nu i finkan. Pengarna f\u00f6r kabeln skulle r\u00e4cka f\u00f6r att \u00e5ter g\u00f6ra honom till en fri man. Att han stal min kabel berodde p\u00e5 att pengarna jag betalade honom f\u00f6r arbetet med att installera kabeln gick till en riktig dyng fylla med efterf\u00f6ljande slagsm\u00e5l, s\u00e5 d\u00e5 var det enligt hans klockrena logik naturligtvis mitt fel att han hamnade i finkan.<\/p>\n<p>Jag v\u00e4grade naturligtvis att k\u00f6pa tillbaka kabeln. Jag skulle \u00e5terv\u00e4nda till Sverige n\u00e5gra veckor senare s\u00e5 vi klarade oss utan kylsk\u00e5p. S\u00e5 snart jag rest s\u00e5 kom kabeln tillbaka kostnadsfritt eftersom det inte l\u00e4ngre fanns n\u00e5gon Europe med tjock pl\u00e5nbok kvar att pungsl\u00e5.&nbsp; Min sambo var Dominikanska och de h\u00e5ller ihop. Hon hade sedan kvar kabeln tills hon efter ett \u00e5r l\u00e4mnade huset och flyttade till Sverige. Hur det \u00e4r idag har jag inte en aning om, men det vore roligt att g\u00f6ra ett \u00e5terbes\u00f6k p\u00e5 den f\u00e4rggranna bl\u00e4ckfiskens tak. Skulle det intr\u00e4ffa s\u00e5 \u00e5terkommer jag och ber\u00e4ttar hur det gick. Tills dess, ha det s\u00e5 j\u00e4vla bra.<\/p>\n<p>&nbsp;<\/p>\n<p>&nbsp;<\/p>\n","protected":false},"excerpt":{"rendered":"<p>Ja, det handlar faktiskt om sp\u00e4nning. Inte den sp\u00e4nning man upplever n\u00e4r man v\u00e4ntar p\u00e5 att kusinen skall hoppa fr\u00e5n taket f\u00f6r att testa de masonitvingar jag just konstruerat. Som 12-\u00e5riig flygvingekonstrukt\u00f6r m\u00e5ste man ju h\u00e5lla sig med testpilot. Det &hellip; <a href=\"http:\/\/hahnes.se\/emigranten\/?p=2727\">Continued<\/a><\/p>\n","protected":false},"author":1,"featured_media":2743,"comment_status":"open","ping_status":"closed","sticky":false,"template":"","format":"standard","meta":{"kt_blocks_editor_width":"","footnotes":""},"categories":[22],"tags":[],"class_list":["post-2727","post","type-post","status-publish","format-standard","has-post-thumbnail","hentry","category-det-nya-landet"],"_links":{"self":[{"href":"http:\/\/hahnes.se\/emigranten\/index.php?rest_route=\/wp\/v2\/posts\/2727","targetHints":{"allow":["GET"]}}],"collection":[{"href":"http:\/\/hahnes.se\/emigranten\/index.php?rest_route=\/wp\/v2\/posts"}],"about":[{"href":"http:\/\/hahnes.se\/emigranten\/index.php?rest_route=\/wp\/v2\/types\/post"}],"author":[{"embeddable":true,"href":"http:\/\/hahnes.se\/emigranten\/index.php?rest_route=\/wp\/v2\/users\/1"}],"replies":[{"embeddable":true,"href":"http:\/\/hahnes.se\/emigranten\/index.php?rest_route=%2Fwp%2Fv2%2Fcomments&post=2727"}],"version-history":[{"count":15,"href":"http:\/\/hahnes.se\/emigranten\/index.php?rest_route=\/wp\/v2\/posts\/2727\/revisions"}],"predecessor-version":[{"id":2747,"href":"http:\/\/hahnes.se\/emigranten\/index.php?rest_route=\/wp\/v2\/posts\/2727\/revisions\/2747"}],"wp:featuredmedia":[{"embeddable":true,"href":"http:\/\/hahnes.se\/emigranten\/index.php?rest_route=\/wp\/v2\/media\/2743"}],"wp:attachment":[{"href":"http:\/\/hahnes.se\/emigranten\/index.php?rest_route=%2Fwp%2Fv2%2Fmedia&parent=2727"}],"wp:term":[{"taxonomy":"category","embeddable":true,"href":"http:\/\/hahnes.se\/emigranten\/index.php?rest_route=%2Fwp%2Fv2%2Fcategories&post=2727"},{"taxonomy":"post_tag","embeddable":true,"href":"http:\/\/hahnes.se\/emigranten\/index.php?rest_route=%2Fwp%2Fv2%2Ftags&post=2727"}],"curies":[{"name":"wp","href":"https:\/\/api.w.org\/{rel}","templated":true}]}}