{"id":2655,"date":"2019-08-17T13:01:39","date_gmt":"2019-08-17T11:01:39","guid":{"rendered":"http:\/\/www.hahnes.se\/emigranten\/?p=2655"},"modified":"2019-08-17T13:01:39","modified_gmt":"2019-08-17T11:01:39","slug":"nar-slumpen-slog-till","status":"publish","type":"post","link":"http:\/\/hahnes.se\/emigranten\/?p=2655","title":{"rendered":"N\u00e4r Slumpen slog till!"},"content":{"rendered":"<div class=\"postbody\">\n<p>Nu p\u00e5 morgonen s\u00e5 l\u00e5g jag och sl\u00f6tittade p\u00e5 TV! d\u00e4r visades &#8221;Woodstock-festivalen Tre dagar vi aldrig gl\u00f6mmer&#8221;. En 3 dagars konsert som samlade n\u00e4stan en halv mijon m\u00e4nniskor p\u00e5 en j\u00e4tte\u00e5ker. Sista l\u00e5ten, USA:s nationals\u00e5ng med inl\u00e4gg av bomber och raketer (Vietnam) spelades av Jimmie Hendrix.<\/p>\n<figure id=\"attachment_2658\" class=\"thumbnail wp-caption alignleft\" style=\"width: 300px\"><a href=\"http:\/\/www.hahnes.se\/emigranten\/wp-content\/uploads\/2019\/08\/Jimmie-Hendrix.jpg\"><img loading=\"lazy\" decoding=\"async\" class=\"size-medium wp-image-2658\" src=\"http:\/\/www.hahnes.se\/emigranten\/wp-content\/uploads\/2019\/08\/Jimmie-Hendrix-300x199.jpg\" alt=\"\" width=\"300\" height=\"199\" srcset=\"http:\/\/hahnes.se\/emigranten\/wp-content\/uploads\/2019\/08\/Jimmie-Hendrix-300x199.jpg 300w, http:\/\/hahnes.se\/emigranten\/wp-content\/uploads\/2019\/08\/Jimmie-Hendrix-768x510.jpg 768w, http:\/\/hahnes.se\/emigranten\/wp-content\/uploads\/2019\/08\/Jimmie-Hendrix.jpg 1920w\" sizes=\"auto, (max-width: 300px) 100vw, 300px\" \/><\/a><figcaption class=\"caption wp-caption-text\">Klicka f\u00f6r st\u00f6rre bild.<\/figcaption><\/figure>\n<p>N\u00e4r jag efter att ha kokat kaffe slog jag p\u00e5 radion och lyssnade p\u00e5 Ring s\u00e5 spelar vi. N\u00e5gon hade just \u00f6nskat sin fr\u00e5ga och vad h\u00f6r jag d\u00e5? Jo Jimmie Hendrix som spelar USA:s nationals\u00e5ng fr\u00e5n Woodstock-festivalen och fr\u00e5gan var att r\u00e4kna upp s\u00e5 m\u00e5nga deltagande artister som m\u00f6jligt i festivalen. Den f\u00f6rsta l\u00e5ten jag h\u00f6rde denna morgon \u00e4r allts\u00e5 exakt samma l\u00e5t jag h\u00f6rde innan jag slog av TV:n.&nbsp;<\/p>\n<p>Att jag kollade p\u00e5 filmen om Woodstock-festivalen var till att b\u00f6rja med en slump, jag var lite halvsl\u00f6 och ville vakna till lite och fastnade p\u00e5 TV1 som visade en film om Woodstock-festivalen. Den som \u00f6nskade fr\u00e5gan i ring s\u00e5 spelar vi visste ju heller inte vilken fr\u00e5ga han skulle f\u00e5, fr\u00e5gorna \u00e4r ju hemliga s\u00e5 man v\u00e4ljer ju bara ett nummer, han kunde ju f\u00f6ljaktligen inte heller varit p\u00e5verkad av vad som visades p\u00e5 TV n\u00e5got tidigare.<\/p>\n<p>En ganska kul slump tycker jag. Det \u00e4r m\u00e5nga parametrar som skall bli r\u00e4tt f\u00f6r att detta skall intr\u00e4ffa.&nbsp;<img decoding=\"async\" title=\"Smile\" src=\"https:\/\/elektronikforumet.com\/forum\/images\/smilies\/icon_smile.gif\" alt=\":)\"><\/p>\n<\/div>\n<p>&nbsp;<\/p>\n","protected":false},"excerpt":{"rendered":"<p>Nu p\u00e5 morgonen s\u00e5 l\u00e5g jag och sl\u00f6tittade p\u00e5 TV! d\u00e4r visades &#8221;Woodstock-festivalen Tre dagar vi aldrig gl\u00f6mmer&#8221;. En 3 dagars konsert som samlade n\u00e4stan en halv mijon m\u00e4nniskor p\u00e5 en j\u00e4tte\u00e5ker. Sista l\u00e5ten, USA:s nationals\u00e5ng med inl\u00e4gg av bomber &hellip; <a href=\"http:\/\/hahnes.se\/emigranten\/?p=2655\">Continued<\/a><\/p>\n","protected":false},"author":1,"featured_media":2657,"comment_status":"open","ping_status":"closed","sticky":false,"template":"","format":"standard","meta":{"kt_blocks_editor_width":"","footnotes":""},"categories":[18],"tags":[],"class_list":["post-2655","post","type-post","status-publish","format-standard","has-post-thumbnail","hentry","category-dagliga-handelser"],"_links":{"self":[{"href":"http:\/\/hahnes.se\/emigranten\/index.php?rest_route=\/wp\/v2\/posts\/2655","targetHints":{"allow":["GET"]}}],"collection":[{"href":"http:\/\/hahnes.se\/emigranten\/index.php?rest_route=\/wp\/v2\/posts"}],"about":[{"href":"http:\/\/hahnes.se\/emigranten\/index.php?rest_route=\/wp\/v2\/types\/post"}],"author":[{"embeddable":true,"href":"http:\/\/hahnes.se\/emigranten\/index.php?rest_route=\/wp\/v2\/users\/1"}],"replies":[{"embeddable":true,"href":"http:\/\/hahnes.se\/emigranten\/index.php?rest_route=%2Fwp%2Fv2%2Fcomments&post=2655"}],"version-history":[{"count":4,"href":"http:\/\/hahnes.se\/emigranten\/index.php?rest_route=\/wp\/v2\/posts\/2655\/revisions"}],"predecessor-version":[{"id":2957,"href":"http:\/\/hahnes.se\/emigranten\/index.php?rest_route=\/wp\/v2\/posts\/2655\/revisions\/2957"}],"wp:featuredmedia":[{"embeddable":true,"href":"http:\/\/hahnes.se\/emigranten\/index.php?rest_route=\/wp\/v2\/media\/2657"}],"wp:attachment":[{"href":"http:\/\/hahnes.se\/emigranten\/index.php?rest_route=%2Fwp%2Fv2%2Fmedia&parent=2655"}],"wp:term":[{"taxonomy":"category","embeddable":true,"href":"http:\/\/hahnes.se\/emigranten\/index.php?rest_route=%2Fwp%2Fv2%2Fcategories&post=2655"},{"taxonomy":"post_tag","embeddable":true,"href":"http:\/\/hahnes.se\/emigranten\/index.php?rest_route=%2Fwp%2Fv2%2Ftags&post=2655"}],"curies":[{"name":"wp","href":"https:\/\/api.w.org\/{rel}","templated":true}]}}