{"id":2633,"date":"2019-09-01T13:07:45","date_gmt":"2019-09-01T11:07:45","guid":{"rendered":"http:\/\/www.hahnes.se\/emigranten\/?p=2633"},"modified":"2019-09-01T13:07:45","modified_gmt":"2019-09-01T11:07:45","slug":"bullfabriken-i-santo-domingo","status":"publish","type":"post","link":"http:\/\/hahnes.se\/emigranten\/?p=2633","title":{"rendered":"Bullfabriken i Santo Domingo"},"content":{"rendered":"\r\n<p>F\u00f6r s\u00e5d\u00e4r en 30 \u00e5r sedan l\u00e5g jag i solen och latade mig med en Cuba Libre alldeles bredvid mig. Jag hade befunnit mig i Dominikanska Republiken i ungef\u00e4r ett \u00e5r. Jag hj\u00e4lpte en v\u00e4n att ta hand om hans lilla hotell p\u00e5 stranden. Hotellet hette El Paraiso och det var ett passande namn vill jag p\u00e5st\u00e5. Det var bra anst\u00e4llda s\u00e5 jag kunde sk\u00f6ta jobbet utan st\u00f6rre insatser. Jag hade s\u00e5ledes mycket ledig tid som beh\u00f6vde fyllas f\u00f6r att inte g\u00f6ra tillvaron inneh\u00e5llsl\u00f6s.<\/p>\r\n<p>N\u00e4r jag ligger d\u00e4r och slappar s\u00e5 ropar man fr\u00e5n hotellet att jag har telefon. Jag svarar och en man presenterar sig som \u00e4gare till en br\u00f6dfabrik i Santo Domingo. Han \u00e4r intresserad av att anst\u00e4lla mig som tekniskt driftansvarig f\u00f6r fabriken, han informerar mig om att han fastnade f\u00f6r min platsans\u00f6kan i <i>Listin Diario <\/i>eftersom han g\u00e4rna ville ha en ingenj\u00f6r fr\u00e5n Europa.<\/p>\r\n<p>Jag m\u00e5ste ha sett ut som en f\u00e5gelholk i ansiktet eftersom jag inte satt in n\u00e5gon platsannons i n\u00e5gon tidning \u00f6verhuvudtaget. Eftersom jag \u00e4nd\u00e5 blev lite intresserad s\u00e5 h\u00f6ll jag masken och det best\u00e4mdes att vi skulle tr\u00e4ffas p\u00e5 br\u00f6dfabriken f\u00f6ljande vecka f\u00f6r att diskutera eventuella anst\u00e4llningsvillkor.<\/p>\r\n<p>N\u00e4r samtalet avslutats s\u00e5 ber\u00e4ttar jag om det besynnerliga samtalet f\u00f6r min v\u00e4n, \u00e4garen av hotellet. Han skrattar gott och erk\u00e4nde att han satte in annonsen bara f\u00f6r att sk\u00e4mta med mig. N\u00e4r jag informera honom att jag skall tr\u00e4ffa br\u00f6dfabrikanten n\u00e4sta vecka s\u00e5 tycker han det \u00e4r en bra id\u00e9 och r\u00e5der mig att f\u00f6rs\u00f6ka f\u00e5 till en halvtidsanst\u00e4llning, p\u00e5 s\u00e5 vis hinner jag \u00e4ven sk\u00f6ta hotellet. N\u00e4r jag fr\u00e5gar honom om vilka l\u00f6neanspr\u00e5k jag b\u00f6r st\u00e4lla s\u00e5 tycker han att jag nog kan beg\u00e4ra det dubbla av vad den tidigare anst\u00e4llda hade i m\u00e5nadsl\u00f6n som borde ligga runt 1500 peso\/m\u00e5nad f\u00f6r en heltid.<\/p>\r\n<figure id=\"attachment_2751\" class=\"thumbnail wp-caption alignleft\" style=\"width: 300px\"><a href=\"http:\/\/www.hahnes.se\/emigranten\/wp-content\/uploads\/2019\/09\/moto-concho-1.jpg\"><img loading=\"lazy\" decoding=\"async\" class=\"wp-image-2751 size-medium\" src=\"http:\/\/www.hahnes.se\/emigranten\/wp-content\/uploads\/2019\/09\/moto-concho-1-300x200.jpg\" alt=\"\" width=\"300\" height=\"200\" srcset=\"http:\/\/hahnes.se\/emigranten\/wp-content\/uploads\/2019\/09\/moto-concho-1-300x200.jpg 300w, http:\/\/hahnes.se\/emigranten\/wp-content\/uploads\/2019\/09\/moto-concho-1-768x513.jpg 768w, http:\/\/hahnes.se\/emigranten\/wp-content\/uploads\/2019\/09\/moto-concho-1.jpg 800w\" sizes=\"auto, (max-width: 300px) 100vw, 300px\" \/><\/a><figcaption class=\"caption wp-caption-text\">Motoconcho. Klicka f\u00f6r st\u00f6rre bild.<\/figcaption><\/figure>\r\n<p>Ok, jag s\u00e4tter mig p\u00e5 en lokalbuss som tar mig till Santo Domingo, en resa p\u00e5 knappt 4 mil. Anl\u00e4nder till busstationen d\u00e4r jag tar en motoconco till br\u00f6dfabriken. Av h\u00e4nsyn till de inblandade i denna ber\u00e4ttelse s\u00e5 anger jag inte fabrikens namn.<\/p>\r\n<p>V\u00e4l framme blir jag \u00f6verv\u00e4ldigad av fabrikens storlek. Det var inte n\u00e5gon liten bullfabrik. Jag tr\u00e4ffade \u00e4garen som visade mig runt i fabriken och informerade mig om att det var Santo Domingos st\u00f6rsta br\u00f6dfabrik, man hade 11 egna lastbilar som transporterade ut br\u00f6d i sina fullastade sk\u00e5p varje dag, 7 dagar i veckan.<\/p>\r\n<p>I alla fall, vi kom \u00f6verens om att jag skulle arbeta halvtid med jour l\u00f6rdagar och s\u00f6ndagar och han f\u00f6reslog sj\u00e4lv att han kunde ge mig en m\u00e5nadsl\u00f6n f\u00f6r en halvtid p\u00e5 7500 peso, vilket var n\u00e4stan 3 g\u00e5nger mer \u00e4n jag t\u00e4nkt beg\u00e4ra, s\u00e5 jag beh\u00f6vde ingen bet\u00e4nketid om man s\u00e4ger s\u00e5.<\/p>\r\n<p>Min uppgift skulle best\u00e5 i att ansvara f\u00f6r att alla maskiner och elektriska installationer fungerade felfritt utan att orsaka driftsst\u00f6rningar. Det innebar ganska mycket skruvande med degmaskiner, ugnar m.m. P\u00e5 den tiden s\u00e5 var tillg\u00e5ngen p\u00e5 elkraft mycket os\u00e4ker med flera str\u00f6mavbrott om dagen. Det var d\u00e4rf\u00f6r helt n\u00f6dv\u00e4ndigt med reservgenerator f\u00f6r att s\u00e4kra produktionen.&nbsp;<\/p>\r\n<p>Bland annat s\u00e5 hade man en bullugn d\u00e4r br\u00f6det sakta passerade p\u00e5 ett transportband genom en l\u00e5ng ugn. Det var 2000 bullar samtidigt i ugnen. Om bandet stannade mer \u00e4n 10 sekunder s\u00e5 var det k\u00f6rt f\u00f6r dom bullarna. Det fanns d\u00e4rf\u00f6r en reservgenerator som automatiskt drog ig\u00e5ng inom 10 sekunder. Motorn som drev generatorn var en Rolls Royce Diesel V8 p\u00e5 600 kVA. Den r\u00e4ddade m\u00e5nga bullar kan jag s\u00e4ga.<\/p>\r\n<p>P\u00e5 denna fabrik blev jag kvar 6 m\u00e5nader och l\u00e4rde mig mycket om &#8221;bullrullare&#8221; av alla de slag. Jag blev d\u00e4refter uppsagd av ok\u00e4nd orsak. Men det kan m\u00f6jligen ha n\u00e5got med \u00e4garens dotter att g\u00f6ra. Hon var vid den tiden mogen f\u00f6r gifterm\u00e5l och jag tror att en ingenj\u00f6r fr\u00e5n Europa s\u00e5gs som ett bra kap av br\u00f6dgubben. Jag hade emellertid min k\u00e4rlek p\u00e5 annat h\u00e5ll, s\u00e5 jag var inte mottaglig f\u00f6r n\u00e5gra inviter fr\u00e5n br\u00f6dh\u00e5llet. Hade livet tagit en annan v\u00e4g s\u00e5 hade jag kanske varit bullfabrikant i V\u00e4stindien i dag, men s\u00e5 blev det inte. Br\u00f6dfabriken finns kvar \u00e4n idag, s\u00e5 den giftasmogna dottern fick s\u00e4kert n\u00e5gon annan l\u00e4mplig kandidat i f\u00e4llan. S\u00e5 jag blev allts\u00e5 bara en tillf\u00e4llig &#8221;(g)j\u00e4st&#8221; i en bullfabrik en g\u00e5ng i livet. Ha det bra d\u00e4rute mina v\u00e4nner.<\/p>\r\n<p>&nbsp;<\/p>\r\n","protected":false},"excerpt":{"rendered":"<p>F\u00f6r s\u00e5d\u00e4r en 30 \u00e5r sedan l\u00e5g jag i solen och latade mig med en Cuba Libre alldeles bredvid mig. Jag hade befunnit mig i Dominikanska Republiken i ungef\u00e4r ett \u00e5r. Jag hj\u00e4lpte en v\u00e4n att ta hand om hans &hellip; <a href=\"http:\/\/hahnes.se\/emigranten\/?p=2633\">Continued<\/a><\/p>\n","protected":false},"author":1,"featured_media":1554,"comment_status":"open","ping_status":"closed","sticky":false,"template":"","format":"standard","meta":{"kt_blocks_editor_width":"","footnotes":""},"categories":[13],"tags":[],"class_list":["post-2633","post","type-post","status-publish","format-standard","has-post-thumbnail","hentry","category-my-adventures"],"_links":{"self":[{"href":"http:\/\/hahnes.se\/emigranten\/index.php?rest_route=\/wp\/v2\/posts\/2633","targetHints":{"allow":["GET"]}}],"collection":[{"href":"http:\/\/hahnes.se\/emigranten\/index.php?rest_route=\/wp\/v2\/posts"}],"about":[{"href":"http:\/\/hahnes.se\/emigranten\/index.php?rest_route=\/wp\/v2\/types\/post"}],"author":[{"embeddable":true,"href":"http:\/\/hahnes.se\/emigranten\/index.php?rest_route=\/wp\/v2\/users\/1"}],"replies":[{"embeddable":true,"href":"http:\/\/hahnes.se\/emigranten\/index.php?rest_route=%2Fwp%2Fv2%2Fcomments&post=2633"}],"version-history":[{"count":6,"href":"http:\/\/hahnes.se\/emigranten\/index.php?rest_route=\/wp\/v2\/posts\/2633\/revisions"}],"predecessor-version":[{"id":2753,"href":"http:\/\/hahnes.se\/emigranten\/index.php?rest_route=\/wp\/v2\/posts\/2633\/revisions\/2753"}],"wp:featuredmedia":[{"embeddable":true,"href":"http:\/\/hahnes.se\/emigranten\/index.php?rest_route=\/wp\/v2\/media\/1554"}],"wp:attachment":[{"href":"http:\/\/hahnes.se\/emigranten\/index.php?rest_route=%2Fwp%2Fv2%2Fmedia&parent=2633"}],"wp:term":[{"taxonomy":"category","embeddable":true,"href":"http:\/\/hahnes.se\/emigranten\/index.php?rest_route=%2Fwp%2Fv2%2Fcategories&post=2633"},{"taxonomy":"post_tag","embeddable":true,"href":"http:\/\/hahnes.se\/emigranten\/index.php?rest_route=%2Fwp%2Fv2%2Ftags&post=2633"}],"curies":[{"name":"wp","href":"https:\/\/api.w.org\/{rel}","templated":true}]}}