{"id":1993,"date":"2018-06-01T11:31:53","date_gmt":"2018-06-01T09:31:53","guid":{"rendered":"http:\/\/www.hahnes.se\/emigranten\/?p=1993"},"modified":"2025-07-13T15:53:57","modified_gmt":"2025-07-13T13:53:57","slug":"hos-ellen-ett-par-dagar","status":"publish","type":"post","link":"http:\/\/hahnes.se\/emigranten\/?p=1993","title":{"rendered":"Hos Ellen ett par dagar."},"content":{"rendered":"<p>Ja som jag skrev i f\u00f6rra blogginl\u00e4gget s\u00e5 anl\u00e4nde jag i Tisdags till Ellen i Ark\u00f6sund. Som v\u00e4l alla f\u00f6rst\u00e5tt s\u00e5 \u00e4r det en b\u00e5t som jag skall s\u00e4tta i skick s\u00e5 att den kan seglas. B\u00e5ten \u00e4r en Albin Vega fr\u00e5n 1970 (tror jag) Den \u00e4r i bra skick f\u00f6rutom att motorn har allvarliga rostangrepp p\u00e5 avgaskr\u00f6ken som \u00e4r ansluten till\u00a0avgaslimpan. \u00c4ven avgaslimpan \u00e4r rostangripen utifr\u00e5n s\u00e5 \u00e4ven den beh\u00f6ver troligtvis bytas.<\/p>\n<p>Min plan \u00e4r att f\u00f6rs\u00f6ka reparera den skadade avgaskr\u00f6ken provisoriskt s\u00e5 att Ellen kan komma i sj\u00f6n och bli segelbar och att man kan anv\u00e4nda motorn f\u00f6r att ta henne upp i Trollh\u00e4ttekanalen till V\u00e4nern.<\/p>\n<p>I g\u00e5r (Torsdag) fick det hela ett abrupt avbrott eftersom jag i stor sett var helinvalid n\u00e4r ja klev upp ur slafen p\u00e5 morgonen. Minsta r\u00f6relse och en outh\u00e4rdlig sm\u00e4rta som fick mig att skrika h\u00f6gt, tr\u00e4ffade mig i ryggen bakom h\u00f6gra skulderbladet.<\/p>\n<p>Det var ett s\u00e5dant problem att jag ins\u00e5g att jag inte skulle kunna utr\u00e4tta n\u00e5got nyttigt s\u00e5 jag samlade med yttersta m\u00f6da ihop det jag inte ville l\u00e4mna hos Ellen och b\u00f6rjade k\u00f6ra hem\u00e5t. (25 mil) Allt emedan resan fortskred s\u00e5 k\u00e4nde jag mig b\u00e4ttre och b\u00e4ttre och v\u00e4l hemma s\u00e5 hade sm\u00e4rtorna avtagit s\u00e5 jag slapp att skrika stup i ett. I morse (Fredag) n\u00e4r jag\u00a0steg upp s\u00e5 var jag i princip sm\u00e4rtfri. N\u00e5got lte \u00f6m, men inget man inte kan st\u00e5 ut med.<\/p>\n<p>Jag ringde till sjukv\u00e5rdsupplysningen och vi kom fram till att det kunde handla om n\u00e5gon typ av nervkl\u00e4m. Jag hade ju \u00e5lat in i tr\u00e5nga situationer n\u00e4r jag sysslade med Ellens motor s\u00e5 n\u00e5gon str\u00e4ckning el dyl. kanske gjorde att nerver kommit i kl\u00e4m.<\/p>\n<p>Om allt k\u00e4nns b\u00e4ttre \u00e4ven i morgon s\u00e5 \u00e5terv\u00e4nder jag till Ark\u00f6sund nu p\u00e5 S\u00f6ndag och forts\u00e4tter mitt arbete med motorn.<\/p>\n<p><a href=\"http:\/\/hahnes.se\/emigranten\/?p=2015\">G\u00c5 TILL N\u00c4STA INL\u00c4GG OM ELLEN<\/a><\/p>\n","protected":false},"excerpt":{"rendered":"<p>Ja som jag skrev i f\u00f6rra blogginl\u00e4gget s\u00e5 anl\u00e4nde jag i Tisdags till Ellen i Ark\u00f6sund. Som v\u00e4l alla f\u00f6rst\u00e5tt s\u00e5 \u00e4r det en b\u00e5t som jag skall s\u00e4tta i skick s\u00e5 att den kan seglas. B\u00e5ten \u00e4r en Albin &hellip; <a href=\"http:\/\/hahnes.se\/emigranten\/?p=1993\">Continued<\/a><\/p>\n","protected":false},"author":1,"featured_media":1994,"comment_status":"open","ping_status":"closed","sticky":false,"template":"","format":"standard","meta":{"kt_blocks_editor_width":"","footnotes":""},"categories":[13],"tags":[],"class_list":["post-1993","post","type-post","status-publish","format-standard","has-post-thumbnail","hentry","category-my-adventures"],"_links":{"self":[{"href":"http:\/\/hahnes.se\/emigranten\/index.php?rest_route=\/wp\/v2\/posts\/1993","targetHints":{"allow":["GET"]}}],"collection":[{"href":"http:\/\/hahnes.se\/emigranten\/index.php?rest_route=\/wp\/v2\/posts"}],"about":[{"href":"http:\/\/hahnes.se\/emigranten\/index.php?rest_route=\/wp\/v2\/types\/post"}],"author":[{"embeddable":true,"href":"http:\/\/hahnes.se\/emigranten\/index.php?rest_route=\/wp\/v2\/users\/1"}],"replies":[{"embeddable":true,"href":"http:\/\/hahnes.se\/emigranten\/index.php?rest_route=%2Fwp%2Fv2%2Fcomments&post=1993"}],"version-history":[{"count":7,"href":"http:\/\/hahnes.se\/emigranten\/index.php?rest_route=\/wp\/v2\/posts\/1993\/revisions"}],"predecessor-version":[{"id":3473,"href":"http:\/\/hahnes.se\/emigranten\/index.php?rest_route=\/wp\/v2\/posts\/1993\/revisions\/3473"}],"wp:featuredmedia":[{"embeddable":true,"href":"http:\/\/hahnes.se\/emigranten\/index.php?rest_route=\/wp\/v2\/media\/1994"}],"wp:attachment":[{"href":"http:\/\/hahnes.se\/emigranten\/index.php?rest_route=%2Fwp%2Fv2%2Fmedia&parent=1993"}],"wp:term":[{"taxonomy":"category","embeddable":true,"href":"http:\/\/hahnes.se\/emigranten\/index.php?rest_route=%2Fwp%2Fv2%2Fcategories&post=1993"},{"taxonomy":"post_tag","embeddable":true,"href":"http:\/\/hahnes.se\/emigranten\/index.php?rest_route=%2Fwp%2Fv2%2Ftags&post=1993"}],"curies":[{"name":"wp","href":"https:\/\/api.w.org\/{rel}","templated":true}]}}